{"id":16032,"date":"2025-05-23T16:46:58","date_gmt":"2025-05-23T16:46:58","guid":{"rendered":"https:\/\/canabae.fr\/?p=16032"},"modified":"2025-07-03T11:59:44","modified_gmt":"2025-07-03T09:59:44","slug":"quel-est-le-tarif-moyen-dune-agence-video-a-lyon-pour-une-video-corporate-de-2-minutes","status":"publish","type":"post","link":"https:\/\/canabae.fr\/en\/quel-est-le-tarif-moyen-dune-agence-video-a-lyon-pour-une-video-corporate-de-2-minutes\/","title":{"rendered":"What is the average rate for a 2-minute corporate video from a video agency in Lyon?"},"content":{"rendered":"<h2 class=\"wp-block-heading\">Understanding the corporate video market in Lyon<\/h2>\n\n\n\n<p>Creating a corporate video has become an essential tool for Lyon-based companies looking to enhance their brand image, showcase their services, or strengthen their internal communications. But how much does it cost exactly? The price of a 2-minute corporate video can vary considerably depending on the provider. On average, <strong>a video agency in Lyon<\/strong> Bill between 1,500 and 6,000 euros for this type of service. This range depends on numerous criteria that we will detail. Therefore, understanding the price components is essential to make a choice that suits your needs and your budget.<\/p>\n\n\n\n<h2 class=\"wp-block-heading\">Elements that influence the price<\/h2>\n\n\n\n<p>Several factors influence the final cost of a corporate video. First, the level of complexity of the project plays a key role: studio or outdoor filming, the number of filming locations, the involvement of actors, or even the use of drone footage. Then, the expected quality in post-production is also a major criterion. Animation, motion design, multilingual subtitling, graphic design, and even original music are all elements that increase the bill. <strong>video agency in Lyon<\/strong> can therefore offer very different prices depending on the technical and creative choices made. Finally, delivery times can also have an impact: an express project will generally cost more.<\/p>\n\n\n\n<h2 class=\"wp-block-heading\">Average price according to service levels<\/h2>\n\n\n\n<p>For a 2-minute corporate video, there are three main price ranges:<\/p>\n\n\n\n<ul class=\"wp-block-list\">\n<li><strong>Entry level (\u20ac1,500 to \u20ac2,500)<\/strong> : simple filming, one day of shooting, basic editing, without animation or special effects.<\/li>\n\n\n\n<li><strong>Mid-range (\u20ac2,500 to \u20ac4,000)<\/strong> : professional quality, multi-camera capture, more in-depth post-production work, licensed music.<\/li>\n\n\n\n<li><strong>High-end (\u20ac4,000 to \u20ac6,000+)<\/strong> : developed storytelling, filming over several days, graphic design, animations, professional voice-over.<\/li>\n<\/ul>\n\n\n\n<p>It is therefore crucial to assess your needs in advance to choose a <strong>video agency in Lyon<\/strong> who will offer the most relevant offer. The quality of the final result will depend directly on the allocated budget.<\/p>\n\n\n\n<h2 class=\"wp-block-heading\">Why choose a local agency in Lyon?<\/h2>\n\n\n\n<p>Collaborate with <strong>a video agency in Lyon<\/strong> offers many advantages. First, proximity facilitates exchanges, location scouting, and briefing meetings. In addition, a local agency is familiar with the region&#039;s economic and cultural fabric, allowing it to offer more relevant and tailored content. Finally, it helps reduce certain logistical costs, such as travel expenses. To discover a reference in this field, you can consult <a href=\"https:\/\/canabae.fr\/agence-video-lyon\/\"><strong>this video agency in Lyon<\/strong><\/a> recognized for its expertise.<\/p>\n\n\n\n<h2 class=\"wp-block-heading\">How to choose the right video service provider?<\/h2>\n\n\n\n<p>The choice of a <strong>video agency in Lyon<\/strong> shouldn&#039;t be based solely on price. It&#039;s essential to consider the team&#039;s experience, the quality of their portfolio, their understanding of your strategic challenges, and their ability to meet deadlines. Don&#039;t hesitate to request several quotes and schedule an initial meeting to assess your fit. A good service provider will be able to advise you and tailor their offering to your budget, without compromising on quality. This way, you&#039;ll benefit from an effective, professional video that&#039;s aligned with your goals.<\/p>\n\n\n\n<h2 class=\"wp-block-heading\">Conclusion: a strategic investment<\/h2>\n\n\n\n<p>Call on a <strong>video agency in Lyon<\/strong> Creating a 2-minute corporate video is a wise investment for any company looking to strengthen its communications. The average price is between \u20ac2,500 and \u20ac4,000, depending on the options chosen. However, this cost must be weighed against the added value generated: marketing impact, awareness, and brand image. In conclusion, it&#039;s better to invest a suitable budget for a professional result than to spend less and end up with an unconvincing result. To get started, don&#039;t hesitate to contact an agency to discuss your project or request a personalized quote.<\/p>\n\n\n\n<h2 class=\"wp-block-heading\">FAQ: Everything you need to know about the cost of a corporate video in Lyon<\/h2>\n\n\n\n<p><strong>What is the minimum rate for a corporate video?<\/strong> The basic rate starts around 1,500 euros for a simple project, with one day of filming and standard editing.<\/p>\n\n\n\n<p><strong>Are corporate videos suitable for SMEs?<\/strong> Yes, absolutely. A <strong>video agency in Lyon<\/strong> can offer formats and budgets adapted to the needs of local SMEs.<\/p>\n\n\n\n<p><strong>How long does it take to make a corporate video?<\/strong> Typically, it takes between 2 and 4 weeks from initial brief to final delivery, depending on the complexity of the project.<\/p>\n\n\n\n<p>Furthermore, if your project requires a location equipped to film in optimal conditions, it may be wise to consult this guide for <a href=\"https:\/\/www.parti-du-plaisir.com\/ou-trouver-un-studio-video-pro-a-lyon-pour-un-tournage\/\">find a professional video studio in Lyon for a shoot<\/a>This type of space, designed for audiovisual productions, guarantees you optimal technical rendering and a smoother filming experience.<\/p>","protected":false},"excerpt":{"rendered":"<p>Comprendre le march\u00e9 de la vid\u00e9o corporate \u00e0 Lyon La r\u00e9alisation d&rsquo;une vid\u00e9o corporate est devenue un outil essentiel pour les entreprises lyonnaises souhaitant valoriser leur image de marque, pr\u00e9senter leurs services ou renforcer leur communication interne. Mais combien cela [&hellip;]<\/p>\n","protected":false},"author":2,"featured_media":17006,"comment_status":"open","ping_status":"open","sticky":false,"template":"","format":"standard","meta":{"footnotes":""},"categories":[40],"tags":[],"class_list":["post-16032","post","type-post","status-publish","format-standard","has-post-thumbnail","hentry","category-agence-video-lyon"],"yoast_head":"<!-- This site is optimized with the Yoast SEO plugin v27.4 - https:\/\/yoast.com\/product\/yoast-seo-wordpress\/ -->\n<title>Quel est le tarif moyen d&#039;une agence vid\u00e9o \u00e0 Lyon pour une vid\u00e9o corporate de 2 minutes ? | Canabae Studios<\/title>\n<meta name=\"description\" content=\"Faire appel \u00e0 une agence vid\u00e9o \u00e0 Lyon pour r\u00e9aliser une vid\u00e9o corporate de 2 minutes est un investissement judicieux\" \/>\n<meta name=\"robots\" content=\"index, follow, max-snippet:-1, max-image-preview:large, max-video-preview:-1\" \/>\n<link rel=\"canonical\" href=\"https:\/\/canabae.fr\/en\/quel-est-le-tarif-moyen-dune-agence-video-a-lyon-pour-une-video-corporate-de-2-minutes\/\" \/>\n<meta property=\"og:locale\" content=\"en_GB\" \/>\n<meta property=\"og:type\" content=\"article\" \/>\n<meta property=\"og:title\" content=\"Quel est le tarif moyen d&#039;une agence vid\u00e9o \u00e0 Lyon pour une vid\u00e9o corporate de 2 minutes ? | Canabae Studios\" \/>\n<meta property=\"og:description\" content=\"Faire appel \u00e0 une agence vid\u00e9o \u00e0 Lyon pour r\u00e9aliser une vid\u00e9o corporate de 2 minutes est un investissement judicieux\" \/>\n<meta property=\"og:url\" content=\"https:\/\/canabae.fr\/en\/quel-est-le-tarif-moyen-dune-agence-video-a-lyon-pour-une-video-corporate-de-2-minutes\/\" \/>\n<meta property=\"og:site_name\" content=\"Canabae Studios\" \/>\n<meta property=\"article:publisher\" content=\"https:\/\/www.facebook.com\/canabae.fr\/\" \/>\n<meta property=\"article:published_time\" content=\"2025-05-23T16:46:58+00:00\" \/>\n<meta property=\"article:modified_time\" content=\"2025-07-03T09:59:44+00:00\" \/>\n<meta property=\"og:image\" content=\"https:\/\/canabae.fr\/wp-content\/uploads\/2025\/07\/RHONE-ALPESDISTRIBUTION-CANABAE-14-decembre-2022-3-3-min.jpg\" \/>\n\t<meta property=\"og:image:width\" content=\"1920\" \/>\n\t<meta property=\"og:image:height\" content=\"1209\" \/>\n\t<meta property=\"og:image:type\" content=\"image\/jpeg\" \/>\n<meta name=\"author\" content=\"gentleview\" \/>\n<meta name=\"twitter:card\" content=\"summary_large_image\" \/>\n<meta name=\"twitter:label1\" content=\"Written by\" \/>\n\t<meta name=\"twitter:data1\" content=\"gentleview\" \/>\n\t<meta name=\"twitter:label2\" content=\"Estimated reading time\" \/>\n\t<meta name=\"twitter:data2\" content=\"5 minutes\" \/>\n<script type=\"application\/ld+json\" class=\"yoast-schema-graph\">{\"@context\":\"https:\\\/\\\/schema.org\",\"@graph\":[{\"@type\":\"Article\",\"@id\":\"https:\\\/\\\/canabae.fr\\\/quel-est-le-tarif-moyen-dune-agence-video-a-lyon-pour-une-video-corporate-de-2-minutes\\\/#article\",\"isPartOf\":{\"@id\":\"https:\\\/\\\/canabae.fr\\\/quel-est-le-tarif-moyen-dune-agence-video-a-lyon-pour-une-video-corporate-de-2-minutes\\\/\"},\"author\":{\"name\":\"gentleview\",\"@id\":\"https:\\\/\\\/canabae.fr\\\/#\\\/schema\\\/person\\\/e58b8e87e247b8ce3b2fb9b1a8572044\"},\"headline\":\"Quel est le tarif moyen d&rsquo;une agence vid\u00e9o \u00e0 Lyon pour une vid\u00e9o corporate de 2 minutes ?\",\"datePublished\":\"2025-05-23T16:46:58+00:00\",\"dateModified\":\"2025-07-03T09:59:44+00:00\",\"mainEntityOfPage\":{\"@id\":\"https:\\\/\\\/canabae.fr\\\/quel-est-le-tarif-moyen-dune-agence-video-a-lyon-pour-une-video-corporate-de-2-minutes\\\/\"},\"wordCount\":854,\"commentCount\":0,\"publisher\":{\"@id\":\"https:\\\/\\\/canabae.fr\\\/#organization\"},\"image\":{\"@id\":\"https:\\\/\\\/canabae.fr\\\/quel-est-le-tarif-moyen-dune-agence-video-a-lyon-pour-une-video-corporate-de-2-minutes\\\/#primaryimage\"},\"thumbnailUrl\":\"https:\\\/\\\/canabae.fr\\\/wp-content\\\/uploads\\\/2025\\\/07\\\/RHONE-ALPESDISTRIBUTION-CANABAE-14-decembre-2022-3-3-min.jpg\",\"articleSection\":[\"Agence vid\u00e9o lyon\"],\"inLanguage\":\"en-GB\",\"potentialAction\":[{\"@type\":\"CommentAction\",\"name\":\"Comment\",\"target\":[\"https:\\\/\\\/canabae.fr\\\/quel-est-le-tarif-moyen-dune-agence-video-a-lyon-pour-une-video-corporate-de-2-minutes\\\/#respond\"]}]},{\"@type\":\"WebPage\",\"@id\":\"https:\\\/\\\/canabae.fr\\\/quel-est-le-tarif-moyen-dune-agence-video-a-lyon-pour-une-video-corporate-de-2-minutes\\\/\",\"url\":\"https:\\\/\\\/canabae.fr\\\/quel-est-le-tarif-moyen-dune-agence-video-a-lyon-pour-une-video-corporate-de-2-minutes\\\/\",\"name\":\"Quel est le tarif moyen d'une agence vid\u00e9o \u00e0 Lyon pour une vid\u00e9o corporate de 2 minutes ? | Canabae Studios\",\"isPartOf\":{\"@id\":\"https:\\\/\\\/canabae.fr\\\/#website\"},\"primaryImageOfPage\":{\"@id\":\"https:\\\/\\\/canabae.fr\\\/quel-est-le-tarif-moyen-dune-agence-video-a-lyon-pour-une-video-corporate-de-2-minutes\\\/#primaryimage\"},\"image\":{\"@id\":\"https:\\\/\\\/canabae.fr\\\/quel-est-le-tarif-moyen-dune-agence-video-a-lyon-pour-une-video-corporate-de-2-minutes\\\/#primaryimage\"},\"thumbnailUrl\":\"https:\\\/\\\/canabae.fr\\\/wp-content\\\/uploads\\\/2025\\\/07\\\/RHONE-ALPESDISTRIBUTION-CANABAE-14-decembre-2022-3-3-min.jpg\",\"datePublished\":\"2025-05-23T16:46:58+00:00\",\"dateModified\":\"2025-07-03T09:59:44+00:00\",\"description\":\"Faire appel \u00e0 une agence vid\u00e9o \u00e0 Lyon pour r\u00e9aliser une vid\u00e9o corporate de 2 minutes est un investissement judicieux\",\"breadcrumb\":{\"@id\":\"https:\\\/\\\/canabae.fr\\\/quel-est-le-tarif-moyen-dune-agence-video-a-lyon-pour-une-video-corporate-de-2-minutes\\\/#breadcrumb\"},\"inLanguage\":\"en-GB\",\"potentialAction\":[{\"@type\":\"ReadAction\",\"target\":[\"https:\\\/\\\/canabae.fr\\\/quel-est-le-tarif-moyen-dune-agence-video-a-lyon-pour-une-video-corporate-de-2-minutes\\\/\"]}]},{\"@type\":\"ImageObject\",\"inLanguage\":\"en-GB\",\"@id\":\"https:\\\/\\\/canabae.fr\\\/quel-est-le-tarif-moyen-dune-agence-video-a-lyon-pour-une-video-corporate-de-2-minutes\\\/#primaryimage\",\"url\":\"https:\\\/\\\/canabae.fr\\\/wp-content\\\/uploads\\\/2025\\\/07\\\/RHONE-ALPESDISTRIBUTION-CANABAE-14-decembre-2022-3-3-min.jpg\",\"contentUrl\":\"https:\\\/\\\/canabae.fr\\\/wp-content\\\/uploads\\\/2025\\\/07\\\/RHONE-ALPESDISTRIBUTION-CANABAE-14-decembre-2022-3-3-min.jpg\",\"width\":1920,\"height\":1209,\"caption\":\"Agence vid\u00e9o lyon\"},{\"@type\":\"BreadcrumbList\",\"@id\":\"https:\\\/\\\/canabae.fr\\\/quel-est-le-tarif-moyen-dune-agence-video-a-lyon-pour-une-video-corporate-de-2-minutes\\\/#breadcrumb\",\"itemListElement\":[{\"@type\":\"ListItem\",\"position\":1,\"name\":\"Accueil\",\"item\":\"https:\\\/\\\/canabae.fr\\\/\"},{\"@type\":\"ListItem\",\"position\":2,\"name\":\"Quel est le tarif moyen d&rsquo;une agence vid\u00e9o \u00e0 Lyon pour une vid\u00e9o corporate de 2 minutes ?\"}]},{\"@type\":\"WebSite\",\"@id\":\"https:\\\/\\\/canabae.fr\\\/#website\",\"url\":\"https:\\\/\\\/canabae.fr\\\/\",\"name\":\"Canabae Studios\",\"description\":\"Vid\u00e9astes et location de studio \u00e0 Lyon\",\"publisher\":{\"@id\":\"https:\\\/\\\/canabae.fr\\\/#organization\"},\"potentialAction\":[{\"@type\":\"SearchAction\",\"target\":{\"@type\":\"EntryPoint\",\"urlTemplate\":\"https:\\\/\\\/canabae.fr\\\/?s={search_term_string}\"},\"query-input\":{\"@type\":\"PropertyValueSpecification\",\"valueRequired\":true,\"valueName\":\"search_term_string\"}}],\"inLanguage\":\"en-GB\"},{\"@type\":\"Organization\",\"@id\":\"https:\\\/\\\/canabae.fr\\\/#organization\",\"name\":\"Canabae - Vid\u00e9astes professionnels Lyon\",\"url\":\"https:\\\/\\\/canabae.fr\\\/\",\"logo\":{\"@type\":\"ImageObject\",\"inLanguage\":\"en-GB\",\"@id\":\"https:\\\/\\\/canabae.fr\\\/#\\\/schema\\\/logo\\\/image\\\/\",\"url\":\"https:\\\/\\\/canabae.fr\\\/wp-content\\\/uploads\\\/2024\\\/11\\\/CANABAE-Icone-Noir.png\",\"contentUrl\":\"https:\\\/\\\/canabae.fr\\\/wp-content\\\/uploads\\\/2024\\\/11\\\/CANABAE-Icone-Noir.png\",\"width\":2644,\"height\":2481,\"caption\":\"Canabae - Vid\u00e9astes professionnels Lyon\"},\"image\":{\"@id\":\"https:\\\/\\\/canabae.fr\\\/#\\\/schema\\\/logo\\\/image\\\/\"},\"sameAs\":[\"https:\\\/\\\/www.facebook.com\\\/canabae.fr\\\/\",\"https:\\\/\\\/www.instagram.com\\\/canabae.studios\\\/\",\"https:\\\/\\\/www.tiktok.com\\\/@canabae.studios\",\"https:\\\/\\\/www.linkedin.com\\\/company\\\/canabae\\\/\"]},{\"@type\":\"Person\",\"@id\":\"https:\\\/\\\/canabae.fr\\\/#\\\/schema\\\/person\\\/e58b8e87e247b8ce3b2fb9b1a8572044\",\"name\":\"gentleview\",\"image\":{\"@type\":\"ImageObject\",\"inLanguage\":\"en-GB\",\"@id\":\"https:\\\/\\\/canabae.fr\\\/wp-content\\\/litespeed\\\/avatar\\\/7778e21f87984950f6367189c0b256f4.jpg?ver=1777472236\",\"url\":\"https:\\\/\\\/canabae.fr\\\/wp-content\\\/litespeed\\\/avatar\\\/7778e21f87984950f6367189c0b256f4.jpg?ver=1777472236\",\"contentUrl\":\"https:\\\/\\\/canabae.fr\\\/wp-content\\\/litespeed\\\/avatar\\\/7778e21f87984950f6367189c0b256f4.jpg?ver=1777472236\",\"caption\":\"gentleview\"}}]}<\/script>\n<!-- \/ Yoast SEO plugin. -->","yoast_head_json":{"title":"Quel est le tarif moyen d'une agence vid\u00e9o \u00e0 Lyon pour une vid\u00e9o corporate de 2 minutes ? | Canabae Studios","description":"Faire appel \u00e0 une agence vid\u00e9o \u00e0 Lyon pour r\u00e9aliser une vid\u00e9o corporate de 2 minutes est un investissement judicieux","robots":{"index":"index","follow":"follow","max-snippet":"max-snippet:-1","max-image-preview":"max-image-preview:large","max-video-preview":"max-video-preview:-1"},"canonical":"https:\/\/canabae.fr\/en\/quel-est-le-tarif-moyen-dune-agence-video-a-lyon-pour-une-video-corporate-de-2-minutes\/","og_locale":"en_GB","og_type":"article","og_title":"Quel est le tarif moyen d'une agence vid\u00e9o \u00e0 Lyon pour une vid\u00e9o corporate de 2 minutes ? | Canabae Studios","og_description":"Faire appel \u00e0 une agence vid\u00e9o \u00e0 Lyon pour r\u00e9aliser une vid\u00e9o corporate de 2 minutes est un investissement judicieux","og_url":"https:\/\/canabae.fr\/en\/quel-est-le-tarif-moyen-dune-agence-video-a-lyon-pour-une-video-corporate-de-2-minutes\/","og_site_name":"Canabae Studios","article_publisher":"https:\/\/www.facebook.com\/canabae.fr\/","article_published_time":"2025-05-23T16:46:58+00:00","article_modified_time":"2025-07-03T09:59:44+00:00","og_image":[{"width":1920,"height":1209,"url":"https:\/\/canabae.fr\/wp-content\/uploads\/2025\/07\/RHONE-ALPESDISTRIBUTION-CANABAE-14-decembre-2022-3-3-min.jpg","type":"image\/jpeg"}],"author":"gentleview","twitter_card":"summary_large_image","twitter_misc":{"Written by":"gentleview","Estimated reading time":"5 minutes"},"schema":{"@context":"https:\/\/schema.org","@graph":[{"@type":"Article","@id":"https:\/\/canabae.fr\/quel-est-le-tarif-moyen-dune-agence-video-a-lyon-pour-une-video-corporate-de-2-minutes\/#article","isPartOf":{"@id":"https:\/\/canabae.fr\/quel-est-le-tarif-moyen-dune-agence-video-a-lyon-pour-une-video-corporate-de-2-minutes\/"},"author":{"name":"gentleview","@id":"https:\/\/canabae.fr\/#\/schema\/person\/e58b8e87e247b8ce3b2fb9b1a8572044"},"headline":"Quel est le tarif moyen d&rsquo;une agence vid\u00e9o \u00e0 Lyon pour une vid\u00e9o corporate de 2 minutes ?","datePublished":"2025-05-23T16:46:58+00:00","dateModified":"2025-07-03T09:59:44+00:00","mainEntityOfPage":{"@id":"https:\/\/canabae.fr\/quel-est-le-tarif-moyen-dune-agence-video-a-lyon-pour-une-video-corporate-de-2-minutes\/"},"wordCount":854,"commentCount":0,"publisher":{"@id":"https:\/\/canabae.fr\/#organization"},"image":{"@id":"https:\/\/canabae.fr\/quel-est-le-tarif-moyen-dune-agence-video-a-lyon-pour-une-video-corporate-de-2-minutes\/#primaryimage"},"thumbnailUrl":"https:\/\/canabae.fr\/wp-content\/uploads\/2025\/07\/RHONE-ALPESDISTRIBUTION-CANABAE-14-decembre-2022-3-3-min.jpg","articleSection":["Agence vid\u00e9o lyon"],"inLanguage":"en-GB","potentialAction":[{"@type":"CommentAction","name":"Comment","target":["https:\/\/canabae.fr\/quel-est-le-tarif-moyen-dune-agence-video-a-lyon-pour-une-video-corporate-de-2-minutes\/#respond"]}]},{"@type":"WebPage","@id":"https:\/\/canabae.fr\/quel-est-le-tarif-moyen-dune-agence-video-a-lyon-pour-une-video-corporate-de-2-minutes\/","url":"https:\/\/canabae.fr\/quel-est-le-tarif-moyen-dune-agence-video-a-lyon-pour-une-video-corporate-de-2-minutes\/","name":"Quel est le tarif moyen d'une agence vid\u00e9o \u00e0 Lyon pour une vid\u00e9o corporate de 2 minutes ? | Canabae Studios","isPartOf":{"@id":"https:\/\/canabae.fr\/#website"},"primaryImageOfPage":{"@id":"https:\/\/canabae.fr\/quel-est-le-tarif-moyen-dune-agence-video-a-lyon-pour-une-video-corporate-de-2-minutes\/#primaryimage"},"image":{"@id":"https:\/\/canabae.fr\/quel-est-le-tarif-moyen-dune-agence-video-a-lyon-pour-une-video-corporate-de-2-minutes\/#primaryimage"},"thumbnailUrl":"https:\/\/canabae.fr\/wp-content\/uploads\/2025\/07\/RHONE-ALPESDISTRIBUTION-CANABAE-14-decembre-2022-3-3-min.jpg","datePublished":"2025-05-23T16:46:58+00:00","dateModified":"2025-07-03T09:59:44+00:00","description":"Faire appel \u00e0 une agence vid\u00e9o \u00e0 Lyon pour r\u00e9aliser une vid\u00e9o corporate de 2 minutes est un investissement judicieux","breadcrumb":{"@id":"https:\/\/canabae.fr\/quel-est-le-tarif-moyen-dune-agence-video-a-lyon-pour-une-video-corporate-de-2-minutes\/#breadcrumb"},"inLanguage":"en-GB","potentialAction":[{"@type":"ReadAction","target":["https:\/\/canabae.fr\/quel-est-le-tarif-moyen-dune-agence-video-a-lyon-pour-une-video-corporate-de-2-minutes\/"]}]},{"@type":"ImageObject","inLanguage":"en-GB","@id":"https:\/\/canabae.fr\/quel-est-le-tarif-moyen-dune-agence-video-a-lyon-pour-une-video-corporate-de-2-minutes\/#primaryimage","url":"https:\/\/canabae.fr\/wp-content\/uploads\/2025\/07\/RHONE-ALPESDISTRIBUTION-CANABAE-14-decembre-2022-3-3-min.jpg","contentUrl":"https:\/\/canabae.fr\/wp-content\/uploads\/2025\/07\/RHONE-ALPESDISTRIBUTION-CANABAE-14-decembre-2022-3-3-min.jpg","width":1920,"height":1209,"caption":"Agence vid\u00e9o lyon"},{"@type":"BreadcrumbList","@id":"https:\/\/canabae.fr\/quel-est-le-tarif-moyen-dune-agence-video-a-lyon-pour-une-video-corporate-de-2-minutes\/#breadcrumb","itemListElement":[{"@type":"ListItem","position":1,"name":"Accueil","item":"https:\/\/canabae.fr\/"},{"@type":"ListItem","position":2,"name":"Quel est le tarif moyen d&rsquo;une agence vid\u00e9o \u00e0 Lyon pour une vid\u00e9o corporate de 2 minutes ?"}]},{"@type":"WebSite","@id":"https:\/\/canabae.fr\/#website","url":"https:\/\/canabae.fr\/","name":"Canabae Studios","description":"Videographers and studio rental in Lyon","publisher":{"@id":"https:\/\/canabae.fr\/#organization"},"potentialAction":[{"@type":"SearchAction","target":{"@type":"EntryPoint","urlTemplate":"https:\/\/canabae.fr\/?s={search_term_string}"},"query-input":{"@type":"PropertyValueSpecification","valueRequired":true,"valueName":"search_term_string"}}],"inLanguage":"en-GB"},{"@type":"Organization","@id":"https:\/\/canabae.fr\/#organization","name":"Canabae - Professional Videographers Lyon","url":"https:\/\/canabae.fr\/","logo":{"@type":"ImageObject","inLanguage":"en-GB","@id":"https:\/\/canabae.fr\/#\/schema\/logo\/image\/","url":"https:\/\/canabae.fr\/wp-content\/uploads\/2024\/11\/CANABAE-Icone-Noir.png","contentUrl":"https:\/\/canabae.fr\/wp-content\/uploads\/2024\/11\/CANABAE-Icone-Noir.png","width":2644,"height":2481,"caption":"Canabae - Vid\u00e9astes professionnels Lyon"},"image":{"@id":"https:\/\/canabae.fr\/#\/schema\/logo\/image\/"},"sameAs":["https:\/\/www.facebook.com\/canabae.fr\/","https:\/\/www.instagram.com\/canabae.studios\/","https:\/\/www.tiktok.com\/@canabae.studios","https:\/\/www.linkedin.com\/company\/canabae\/"]},{"@type":"Person","@id":"https:\/\/canabae.fr\/#\/schema\/person\/e58b8e87e247b8ce3b2fb9b1a8572044","name":"gentle view","image":{"@type":"ImageObject","inLanguage":"en-GB","@id":"https:\/\/canabae.fr\/wp-content\/litespeed\/avatar\/7778e21f87984950f6367189c0b256f4.jpg?ver=1777472236","url":"https:\/\/canabae.fr\/wp-content\/litespeed\/avatar\/7778e21f87984950f6367189c0b256f4.jpg?ver=1777472236","contentUrl":"https:\/\/canabae.fr\/wp-content\/litespeed\/avatar\/7778e21f87984950f6367189c0b256f4.jpg?ver=1777472236","caption":"gentleview"}}]}},"_links":{"self":[{"href":"https:\/\/canabae.fr\/en\/wp-json\/wp\/v2\/posts\/16032","targetHints":{"allow":["GET"]}}],"collection":[{"href":"https:\/\/canabae.fr\/en\/wp-json\/wp\/v2\/posts"}],"about":[{"href":"https:\/\/canabae.fr\/en\/wp-json\/wp\/v2\/types\/post"}],"author":[{"embeddable":true,"href":"https:\/\/canabae.fr\/en\/wp-json\/wp\/v2\/users\/2"}],"replies":[{"embeddable":true,"href":"https:\/\/canabae.fr\/en\/wp-json\/wp\/v2\/comments?post=16032"}],"version-history":[{"count":1,"href":"https:\/\/canabae.fr\/en\/wp-json\/wp\/v2\/posts\/16032\/revisions"}],"predecessor-version":[{"id":16036,"href":"https:\/\/canabae.fr\/en\/wp-json\/wp\/v2\/posts\/16032\/revisions\/16036"}],"wp:featuredmedia":[{"embeddable":true,"href":"https:\/\/canabae.fr\/en\/wp-json\/wp\/v2\/media\/17006"}],"wp:attachment":[{"href":"https:\/\/canabae.fr\/en\/wp-json\/wp\/v2\/media?parent=16032"}],"wp:term":[{"taxonomy":"category","embeddable":true,"href":"https:\/\/canabae.fr\/en\/wp-json\/wp\/v2\/categories?post=16032"},{"taxonomy":"post_tag","embeddable":true,"href":"https:\/\/canabae.fr\/en\/wp-json\/wp\/v2\/tags?post=16032"}],"curies":[{"name":"wp","href":"https:\/\/api.w.org\/{rel}","templated":true}]}}