{"id":16120,"date":"2025-05-30T14:01:45","date_gmt":"2025-05-30T14:01:45","guid":{"rendered":"https:\/\/canabae.fr\/?p=16120"},"modified":"2025-07-02T13:33:03","modified_gmt":"2025-07-02T13:33:03","slug":"comment-se-preparer-pour-une-seance-avec-un-photographe-de-reportage-a-lyon","status":"publish","type":"post","link":"https:\/\/canabae.fr\/en\/comment-se-preparer-pour-une-seance-avec-un-photographe-de-reportage-a-lyon\/","title":{"rendered":"How to prepare for a session with a reportage photographer in Lyon?"},"content":{"rendered":"<p>Getting ready for a <strong>session with a reportage photographer in Lyon<\/strong> can&#039;t be improvised. Whether it&#039;s for a corporate report, a professional event, or a personal project, the quality of the final result depends largely on your preparation. Indeed, a well-planned session allows you to capture natural, authentic images that are faithful to your world. Here&#039;s a complete guide to optimize your photo shoot and collaborate effectively with your photographer.<\/p>\n\n\n\n<h2 class=\"wp-block-heading\">\ud83d\udccd <strong>Define the objective of your photo report<\/strong><\/h2>\n\n\n\n<p>First of all, clarify what you expect from the session. Is it to showcase your business, cover an event, or illustrate a profession? This step allows the <strong>reportage photographer in Lyon<\/strong> to understand the spirit sought.<\/p>\n\n\n\n<ul class=\"wp-block-list\">\n<li>Do you want a spontaneous, narrative or institutional rendering?<\/li>\n\n\n\n<li>What are the key moments to cover?<\/li>\n\n\n\n<li>Is there a message to convey through the images?<\/li>\n<\/ul>\n\n\n\n<p>Additionally, identifying the target audience for the photos (clients, collaborators, partners) helps fine-tune the visual style. The initial discussion with the photographer is therefore crucial for creating a solid guideline.<\/p>\n\n\n\n<h2 class=\"wp-block-heading\">\ud83c\udfaf <strong>Choosing the right location for your session in Lyon<\/strong><\/h2>\n\n\n\n<p>The choice of location is strategic. Lyon is full of varied settings, from industrial sites to urban parks, including modern professional spaces. A good <strong>reportage photographer in Lyon<\/strong> will be able to advise you on locations related to your activity and your values.<\/p>\n\n\n\n<p>Some examples of suitable places:<\/p>\n\n\n\n<ul class=\"wp-block-list\">\n<li>Your premises to show behind the scenes.<\/li>\n\n\n\n<li>An inspiring coworking space for a dynamic result.<\/li>\n\n\n\n<li>The banks of the Rh\u00f4ne or Old Lyon for a more artistic touch.<\/li>\n<\/ul>\n\n\n\n<p>Also consider the logistical aspect: accessibility, possible permits, natural light conditions, etc.<\/p>\n\n\n\n<h2 class=\"wp-block-heading\">\ud83e\uddcd\u200d\u2642\ufe0f <strong>Prepare people to be photographed<\/strong><\/h2>\n\n\n\n<p>A successful reportage relies on the sincerity of the subjects. To achieve this, participants must be comfortable. Inform them in advance of the schedule, the type of photos expected, and the attitude to adopt. There&#039;s no need to pose like for a traditional photoshoot, but you should create a relaxed atmosphere.<\/p>\n\n\n\n<p>Some useful tips:<\/p>\n\n\n\n<ol start=\"1\" class=\"wp-block-list\">\n<li>Dress simply but take care of your appearance.<\/li>\n\n\n\n<li>Avoid clothing with too many patterns.<\/li>\n\n\n\n<li>Get a good night&#039;s sleep the night before to avoid signs of fatigue.<\/li>\n<\/ol>\n\n\n\n<p>A good photographer will know how to capture natural moments, but your involvement will make all the difference.<\/p>\n\n\n\n<h2 class=\"wp-block-heading\">\ud83d\udd52 <strong>Organize an effective schedule on D-day<\/strong><\/h2>\n\n\n\n<p>To avoid stress and unexpected events, a minimum of organization is essential. Plan specific time slots for each key moment of the report. This saves time and allows you to stay focused on your objectives.<\/p>\n\n\n\n<p>Example schedule:<\/p>\n\n\n\n<figure class=\"wp-block-table\"><table class=\"has-fixed-layout\"><tbody><tr><th>Hour<\/th><th>Planned action<\/th><\/tr><tr><td>9:00 a.m.<\/td><td>Team Brief \/ Preparation<\/td><\/tr><tr><td>10:00 a.m. \u2013 12:00 p.m.<\/td><td>Work sequences \/ professional portraits<\/td><\/tr><tr><td>2:00 p.m. \u2013 3:30 p.m.<\/td><td>Moments of life \/ interactions<\/td><\/tr><tr><td>4:00 p.m.<\/td><td>Closing and checking the shots<\/td><\/tr><\/tbody><\/table><\/figure>\n\n\n\n<p>A <strong>reportage photographer in Lyon<\/strong> accustomed to the terrain will know how to adapt to unforeseen events while respecting the planned structure.<\/p>\n\n\n\n<h2 class=\"wp-block-heading\">\ud83d\udccb <strong>Provide context and staging elements<\/strong><\/h2>\n\n\n\n<p>A good report isn&#039;t just about faces. It also tells a story through details: objects, gestures, locations, atmospheres. Don&#039;t hesitate to prepare visual elements related to your activity.<\/p>\n\n\n\n<p>For example :<\/p>\n\n\n\n<ul class=\"wp-block-list\">\n<li>Featured products, tools or communication media.<\/li>\n\n\n\n<li>Meeting times, coffee breaks, informal exchanges.<\/li>\n\n\n\n<li>Specific settings or atmospheres.<\/li>\n<\/ul>\n\n\n\n<p>It\u2019s these everyday scenes that bring your brand image to life.<\/p>\n\n\n\n<h2 class=\"wp-block-heading\">\ud83e\udd1d <strong>Collaborate effectively with your photographer<\/strong><\/h2>\n\n\n\n<p>The relationship with the photographer is a central element of success. It is not just a technical service, but a creative collaboration. A professional like <a href=\"https:\/\/canabae.fr\/photographe-reportage-lyon\/\"><strong>Canabae<\/strong><\/a> will be able to guide you while respecting your world.<\/p>\n\n\n\n<p>Some good practices:<\/p>\n\n\n\n<ul class=\"wp-block-list\">\n<li>Discuss your expectations and constraints in advance.<\/li>\n\n\n\n<li>Stay available during the session to adjust if necessary.<\/li>\n\n\n\n<li>Provide constructive feedback during the final selection of images.<\/li>\n<\/ul>\n\n\n\n<p>This fluid communication allows for a faithful and impactful result.<\/p>\n\n\n\n<hr class=\"wp-block-separator has-alpha-channel-opacity\"\/>\n\n\n\n<h2 class=\"wp-block-heading\">\u2705 Things to remember to prepare yourself well<\/h2>\n\n\n\n<p>Here are the key steps to follow:<\/p>\n\n\n\n<ul class=\"wp-block-list\">\n<li><strong>Set the goal<\/strong> of the session with clarity.<\/li>\n\n\n\n<li><strong>Choose a suitable location<\/strong> in your image.<\/li>\n\n\n\n<li><strong>Prepare the participants<\/strong> so that they are natural.<\/li>\n\n\n\n<li><strong>Organize a schedule<\/strong> precise to gain efficiency.<\/li>\n\n\n\n<li><strong>Take care of the decor<\/strong> and visual details.<\/li>\n\n\n\n<li><strong>Work closely together<\/strong> with the photographer to adjust on the ground.<\/li>\n<\/ul>\n\n\n\n<p>By following these tips, you maximize your chances of achieving strong and useful visuals in the long term.<\/p>\n\n\n\n<hr class=\"wp-block-separator has-alpha-channel-opacity\"\/>\n\n\n\n<h2 class=\"wp-block-heading\">\u2753 FAQ \u2013 Session with a <strong>reportage photographer in Lyon<\/strong><\/h2>\n\n\n\n<p><strong>1. How long does a photoshoot last?<\/strong><br>Typically, a session lasts from 1.5 hours to half a day, depending on the context. A well-defined schedule allows for maximum results in a controlled timeframe.<\/p>\n\n\n\n<p><strong>2. Can we report on several locations in Lyon?<\/strong><br>Yes, if it&#039;s planned ahead. It can even enrich the visual narrative, provided that the movements are optimized.<\/p>\n\n\n\n<p><strong>3. What should you do if you feel uncomfortable in front of the camera?<\/strong><br>A good one <strong>reportage photographer in Lyon<\/strong> will create a relaxed atmosphere, far from rigid poses. Spontaneity is key: be yourself.<\/p>\n\n\n\n<hr class=\"wp-block-separator has-alpha-channel-opacity\"\/>\n\n\n\n<h2 class=\"wp-block-heading\">\ud83d\udce3 Conclusion<\/h2>\n\n\n\n<p>Proper preparation is the foundation of a successful photo shoot. Planning ahead, structuring, and collaborating are the three keys to achieving impactful results that reflect your image. If you&#039;re planning a shoot soon, don&#039;t hesitate to contact a local professional for personalized support.<\/p>\n\n\n\n<p>\ud83d\udc49 To go further, you can consult a similar article by clicking on this link: <strong><a href=\"https:\/\/1-horizon.be\/quels-lieux-emblematiques-un-photographe-de-reportage-a-lyon-recommande-t-il-pour-une-seance-urbaine\/business\/\">Reportage photographer in Lyon<\/a><\/strong>.<\/p>","protected":false},"excerpt":{"rendered":"<p>Se pr\u00e9parer pour une s\u00e9ance avec un photographe de reportage \u00e0 Lyon ne s\u2019improvise pas. Que ce soit pour un reportage corporate, un \u00e9v\u00e9nement professionnel ou un projet personnel, la qualit\u00e9 du rendu final d\u00e9pend beaucoup de votre pr\u00e9paration. En [&hellip;]<\/p>\n","protected":false},"author":2,"featured_media":16983,"comment_status":"open","ping_status":"open","sticky":false,"template":"","format":"standard","meta":{"footnotes":""},"categories":[38],"tags":[],"class_list":["post-16120","post","type-post","status-publish","format-standard","has-post-thumbnail","hentry","category-photographe-reportage-lyon"],"yoast_head":"<!-- This site is optimized with the Yoast SEO plugin v27.4 - https:\/\/yoast.com\/product\/yoast-seo-wordpress\/ -->\n<title>Comment se pr\u00e9parer pour une s\u00e9ance avec un photographe de reportage \u00e0 Lyon ? | Canabae Studios<\/title>\n<meta name=\"description\" content=\"Se pr\u00e9parer pour une s\u00e9ance avec un photographe de reportage \u00e0 Lyon ne s\u2019improvise pas. Que ce soit pour un reportage corporate,\" \/>\n<meta name=\"robots\" content=\"index, follow, max-snippet:-1, max-image-preview:large, max-video-preview:-1\" \/>\n<link rel=\"canonical\" href=\"https:\/\/canabae.fr\/en\/comment-se-preparer-pour-une-seance-avec-un-photographe-de-reportage-a-lyon\/\" \/>\n<meta property=\"og:locale\" content=\"en_GB\" \/>\n<meta property=\"og:type\" content=\"article\" \/>\n<meta property=\"og:title\" content=\"Comment se pr\u00e9parer pour une s\u00e9ance avec un photographe de reportage \u00e0 Lyon ? | Canabae Studios\" \/>\n<meta property=\"og:description\" content=\"Se pr\u00e9parer pour une s\u00e9ance avec un photographe de reportage \u00e0 Lyon ne s\u2019improvise pas. Que ce soit pour un reportage corporate,\" \/>\n<meta property=\"og:url\" content=\"https:\/\/canabae.fr\/en\/comment-se-preparer-pour-une-seance-avec-un-photographe-de-reportage-a-lyon\/\" \/>\n<meta property=\"og:site_name\" content=\"Canabae Studios\" \/>\n<meta property=\"article:publisher\" content=\"https:\/\/www.facebook.com\/canabae.fr\/\" \/>\n<meta property=\"article:published_time\" content=\"2025-05-30T14:01:45+00:00\" \/>\n<meta property=\"article:modified_time\" content=\"2025-07-02T13:33:03+00:00\" \/>\n<meta property=\"og:image\" content=\"https:\/\/canabae.fr\/wp-content\/uploads\/2025\/05\/25-04EVALYONSUD-171-min.jpg\" \/>\n\t<meta property=\"og:image:width\" content=\"1920\" \/>\n\t<meta property=\"og:image:height\" content=\"1080\" \/>\n\t<meta property=\"og:image:type\" content=\"image\/jpeg\" \/>\n<meta name=\"author\" content=\"gentleview\" \/>\n<meta name=\"twitter:card\" content=\"summary_large_image\" \/>\n<meta name=\"twitter:label1\" content=\"Written by\" \/>\n\t<meta name=\"twitter:data1\" content=\"gentleview\" \/>\n\t<meta name=\"twitter:label2\" content=\"Estimated reading time\" \/>\n\t<meta name=\"twitter:data2\" content=\"5 minutes\" \/>\n<script type=\"application\/ld+json\" class=\"yoast-schema-graph\">{\"@context\":\"https:\\\/\\\/schema.org\",\"@graph\":[{\"@type\":\"Article\",\"@id\":\"https:\\\/\\\/canabae.fr\\\/comment-se-preparer-pour-une-seance-avec-un-photographe-de-reportage-a-lyon\\\/#article\",\"isPartOf\":{\"@id\":\"https:\\\/\\\/canabae.fr\\\/comment-se-preparer-pour-une-seance-avec-un-photographe-de-reportage-a-lyon\\\/\"},\"author\":{\"name\":\"gentleview\",\"@id\":\"https:\\\/\\\/canabae.fr\\\/#\\\/schema\\\/person\\\/e58b8e87e247b8ce3b2fb9b1a8572044\"},\"headline\":\"Comment se pr\u00e9parer pour une s\u00e9ance avec un photographe de reportage \u00e0 Lyon ?\",\"datePublished\":\"2025-05-30T14:01:45+00:00\",\"dateModified\":\"2025-07-02T13:33:03+00:00\",\"mainEntityOfPage\":{\"@id\":\"https:\\\/\\\/canabae.fr\\\/comment-se-preparer-pour-une-seance-avec-un-photographe-de-reportage-a-lyon\\\/\"},\"wordCount\":962,\"commentCount\":0,\"publisher\":{\"@id\":\"https:\\\/\\\/canabae.fr\\\/#organization\"},\"image\":{\"@id\":\"https:\\\/\\\/canabae.fr\\\/comment-se-preparer-pour-une-seance-avec-un-photographe-de-reportage-a-lyon\\\/#primaryimage\"},\"thumbnailUrl\":\"https:\\\/\\\/canabae.fr\\\/wp-content\\\/uploads\\\/2025\\\/05\\\/25-04EVALYONSUD-171-min.jpg\",\"articleSection\":[\"Photographe reportage lyon\"],\"inLanguage\":\"en-GB\",\"potentialAction\":[{\"@type\":\"CommentAction\",\"name\":\"Comment\",\"target\":[\"https:\\\/\\\/canabae.fr\\\/comment-se-preparer-pour-une-seance-avec-un-photographe-de-reportage-a-lyon\\\/#respond\"]}]},{\"@type\":\"WebPage\",\"@id\":\"https:\\\/\\\/canabae.fr\\\/comment-se-preparer-pour-une-seance-avec-un-photographe-de-reportage-a-lyon\\\/\",\"url\":\"https:\\\/\\\/canabae.fr\\\/comment-se-preparer-pour-une-seance-avec-un-photographe-de-reportage-a-lyon\\\/\",\"name\":\"Comment se pr\u00e9parer pour une s\u00e9ance avec un photographe de reportage \u00e0 Lyon ? | Canabae Studios\",\"isPartOf\":{\"@id\":\"https:\\\/\\\/canabae.fr\\\/#website\"},\"primaryImageOfPage\":{\"@id\":\"https:\\\/\\\/canabae.fr\\\/comment-se-preparer-pour-une-seance-avec-un-photographe-de-reportage-a-lyon\\\/#primaryimage\"},\"image\":{\"@id\":\"https:\\\/\\\/canabae.fr\\\/comment-se-preparer-pour-une-seance-avec-un-photographe-de-reportage-a-lyon\\\/#primaryimage\"},\"thumbnailUrl\":\"https:\\\/\\\/canabae.fr\\\/wp-content\\\/uploads\\\/2025\\\/05\\\/25-04EVALYONSUD-171-min.jpg\",\"datePublished\":\"2025-05-30T14:01:45+00:00\",\"dateModified\":\"2025-07-02T13:33:03+00:00\",\"description\":\"Se pr\u00e9parer pour une s\u00e9ance avec un photographe de reportage \u00e0 Lyon ne s\u2019improvise pas. Que ce soit pour un reportage corporate,\",\"breadcrumb\":{\"@id\":\"https:\\\/\\\/canabae.fr\\\/comment-se-preparer-pour-une-seance-avec-un-photographe-de-reportage-a-lyon\\\/#breadcrumb\"},\"inLanguage\":\"en-GB\",\"potentialAction\":[{\"@type\":\"ReadAction\",\"target\":[\"https:\\\/\\\/canabae.fr\\\/comment-se-preparer-pour-une-seance-avec-un-photographe-de-reportage-a-lyon\\\/\"]}]},{\"@type\":\"ImageObject\",\"inLanguage\":\"en-GB\",\"@id\":\"https:\\\/\\\/canabae.fr\\\/comment-se-preparer-pour-une-seance-avec-un-photographe-de-reportage-a-lyon\\\/#primaryimage\",\"url\":\"https:\\\/\\\/canabae.fr\\\/wp-content\\\/uploads\\\/2025\\\/05\\\/25-04EVALYONSUD-171-min.jpg\",\"contentUrl\":\"https:\\\/\\\/canabae.fr\\\/wp-content\\\/uploads\\\/2025\\\/05\\\/25-04EVALYONSUD-171-min.jpg\",\"width\":1920,\"height\":1080,\"caption\":\"photographe de reportage \u00e0 Lyon\"},{\"@type\":\"BreadcrumbList\",\"@id\":\"https:\\\/\\\/canabae.fr\\\/comment-se-preparer-pour-une-seance-avec-un-photographe-de-reportage-a-lyon\\\/#breadcrumb\",\"itemListElement\":[{\"@type\":\"ListItem\",\"position\":1,\"name\":\"Accueil\",\"item\":\"https:\\\/\\\/canabae.fr\\\/\"},{\"@type\":\"ListItem\",\"position\":2,\"name\":\"Comment se pr\u00e9parer pour une s\u00e9ance avec un photographe de reportage \u00e0 Lyon ?\"}]},{\"@type\":\"WebSite\",\"@id\":\"https:\\\/\\\/canabae.fr\\\/#website\",\"url\":\"https:\\\/\\\/canabae.fr\\\/\",\"name\":\"Canabae Studios\",\"description\":\"Vid\u00e9astes et location de studio \u00e0 Lyon\",\"publisher\":{\"@id\":\"https:\\\/\\\/canabae.fr\\\/#organization\"},\"potentialAction\":[{\"@type\":\"SearchAction\",\"target\":{\"@type\":\"EntryPoint\",\"urlTemplate\":\"https:\\\/\\\/canabae.fr\\\/?s={search_term_string}\"},\"query-input\":{\"@type\":\"PropertyValueSpecification\",\"valueRequired\":true,\"valueName\":\"search_term_string\"}}],\"inLanguage\":\"en-GB\"},{\"@type\":\"Organization\",\"@id\":\"https:\\\/\\\/canabae.fr\\\/#organization\",\"name\":\"Canabae - Vid\u00e9astes professionnels Lyon\",\"url\":\"https:\\\/\\\/canabae.fr\\\/\",\"logo\":{\"@type\":\"ImageObject\",\"inLanguage\":\"en-GB\",\"@id\":\"https:\\\/\\\/canabae.fr\\\/#\\\/schema\\\/logo\\\/image\\\/\",\"url\":\"https:\\\/\\\/canabae.fr\\\/wp-content\\\/uploads\\\/2024\\\/11\\\/CANABAE-Icone-Noir.png\",\"contentUrl\":\"https:\\\/\\\/canabae.fr\\\/wp-content\\\/uploads\\\/2024\\\/11\\\/CANABAE-Icone-Noir.png\",\"width\":2644,\"height\":2481,\"caption\":\"Canabae - Vid\u00e9astes professionnels Lyon\"},\"image\":{\"@id\":\"https:\\\/\\\/canabae.fr\\\/#\\\/schema\\\/logo\\\/image\\\/\"},\"sameAs\":[\"https:\\\/\\\/www.facebook.com\\\/canabae.fr\\\/\",\"https:\\\/\\\/www.instagram.com\\\/canabae.studios\\\/\",\"https:\\\/\\\/www.tiktok.com\\\/@canabae.studios\",\"https:\\\/\\\/www.linkedin.com\\\/company\\\/canabae\\\/\"]},{\"@type\":\"Person\",\"@id\":\"https:\\\/\\\/canabae.fr\\\/#\\\/schema\\\/person\\\/e58b8e87e247b8ce3b2fb9b1a8572044\",\"name\":\"gentleview\",\"image\":{\"@type\":\"ImageObject\",\"inLanguage\":\"en-GB\",\"@id\":\"https:\\\/\\\/canabae.fr\\\/wp-content\\\/litespeed\\\/avatar\\\/7778e21f87984950f6367189c0b256f4.jpg?ver=1777472236\",\"url\":\"https:\\\/\\\/canabae.fr\\\/wp-content\\\/litespeed\\\/avatar\\\/7778e21f87984950f6367189c0b256f4.jpg?ver=1777472236\",\"contentUrl\":\"https:\\\/\\\/canabae.fr\\\/wp-content\\\/litespeed\\\/avatar\\\/7778e21f87984950f6367189c0b256f4.jpg?ver=1777472236\",\"caption\":\"gentleview\"}}]}<\/script>\n<!-- \/ Yoast SEO plugin. -->","yoast_head_json":{"title":"Comment se pr\u00e9parer pour une s\u00e9ance avec un photographe de reportage \u00e0 Lyon ? | Canabae Studios","description":"Se pr\u00e9parer pour une s\u00e9ance avec un photographe de reportage \u00e0 Lyon ne s\u2019improvise pas. Que ce soit pour un reportage corporate,","robots":{"index":"index","follow":"follow","max-snippet":"max-snippet:-1","max-image-preview":"max-image-preview:large","max-video-preview":"max-video-preview:-1"},"canonical":"https:\/\/canabae.fr\/en\/comment-se-preparer-pour-une-seance-avec-un-photographe-de-reportage-a-lyon\/","og_locale":"en_GB","og_type":"article","og_title":"Comment se pr\u00e9parer pour une s\u00e9ance avec un photographe de reportage \u00e0 Lyon ? | Canabae Studios","og_description":"Se pr\u00e9parer pour une s\u00e9ance avec un photographe de reportage \u00e0 Lyon ne s\u2019improvise pas. Que ce soit pour un reportage corporate,","og_url":"https:\/\/canabae.fr\/en\/comment-se-preparer-pour-une-seance-avec-un-photographe-de-reportage-a-lyon\/","og_site_name":"Canabae Studios","article_publisher":"https:\/\/www.facebook.com\/canabae.fr\/","article_published_time":"2025-05-30T14:01:45+00:00","article_modified_time":"2025-07-02T13:33:03+00:00","og_image":[{"width":1920,"height":1080,"url":"https:\/\/canabae.fr\/wp-content\/uploads\/2025\/05\/25-04EVALYONSUD-171-min.jpg","type":"image\/jpeg"}],"author":"gentleview","twitter_card":"summary_large_image","twitter_misc":{"Written by":"gentleview","Estimated reading time":"5 minutes"},"schema":{"@context":"https:\/\/schema.org","@graph":[{"@type":"Article","@id":"https:\/\/canabae.fr\/comment-se-preparer-pour-une-seance-avec-un-photographe-de-reportage-a-lyon\/#article","isPartOf":{"@id":"https:\/\/canabae.fr\/comment-se-preparer-pour-une-seance-avec-un-photographe-de-reportage-a-lyon\/"},"author":{"name":"gentleview","@id":"https:\/\/canabae.fr\/#\/schema\/person\/e58b8e87e247b8ce3b2fb9b1a8572044"},"headline":"Comment se pr\u00e9parer pour une s\u00e9ance avec un photographe de reportage \u00e0 Lyon ?","datePublished":"2025-05-30T14:01:45+00:00","dateModified":"2025-07-02T13:33:03+00:00","mainEntityOfPage":{"@id":"https:\/\/canabae.fr\/comment-se-preparer-pour-une-seance-avec-un-photographe-de-reportage-a-lyon\/"},"wordCount":962,"commentCount":0,"publisher":{"@id":"https:\/\/canabae.fr\/#organization"},"image":{"@id":"https:\/\/canabae.fr\/comment-se-preparer-pour-une-seance-avec-un-photographe-de-reportage-a-lyon\/#primaryimage"},"thumbnailUrl":"https:\/\/canabae.fr\/wp-content\/uploads\/2025\/05\/25-04EVALYONSUD-171-min.jpg","articleSection":["Photographe reportage lyon"],"inLanguage":"en-GB","potentialAction":[{"@type":"CommentAction","name":"Comment","target":["https:\/\/canabae.fr\/comment-se-preparer-pour-une-seance-avec-un-photographe-de-reportage-a-lyon\/#respond"]}]},{"@type":"WebPage","@id":"https:\/\/canabae.fr\/comment-se-preparer-pour-une-seance-avec-un-photographe-de-reportage-a-lyon\/","url":"https:\/\/canabae.fr\/comment-se-preparer-pour-une-seance-avec-un-photographe-de-reportage-a-lyon\/","name":"Comment se pr\u00e9parer pour une s\u00e9ance avec un photographe de reportage \u00e0 Lyon ? | Canabae Studios","isPartOf":{"@id":"https:\/\/canabae.fr\/#website"},"primaryImageOfPage":{"@id":"https:\/\/canabae.fr\/comment-se-preparer-pour-une-seance-avec-un-photographe-de-reportage-a-lyon\/#primaryimage"},"image":{"@id":"https:\/\/canabae.fr\/comment-se-preparer-pour-une-seance-avec-un-photographe-de-reportage-a-lyon\/#primaryimage"},"thumbnailUrl":"https:\/\/canabae.fr\/wp-content\/uploads\/2025\/05\/25-04EVALYONSUD-171-min.jpg","datePublished":"2025-05-30T14:01:45+00:00","dateModified":"2025-07-02T13:33:03+00:00","description":"Se pr\u00e9parer pour une s\u00e9ance avec un photographe de reportage \u00e0 Lyon ne s\u2019improvise pas. Que ce soit pour un reportage corporate,","breadcrumb":{"@id":"https:\/\/canabae.fr\/comment-se-preparer-pour-une-seance-avec-un-photographe-de-reportage-a-lyon\/#breadcrumb"},"inLanguage":"en-GB","potentialAction":[{"@type":"ReadAction","target":["https:\/\/canabae.fr\/comment-se-preparer-pour-une-seance-avec-un-photographe-de-reportage-a-lyon\/"]}]},{"@type":"ImageObject","inLanguage":"en-GB","@id":"https:\/\/canabae.fr\/comment-se-preparer-pour-une-seance-avec-un-photographe-de-reportage-a-lyon\/#primaryimage","url":"https:\/\/canabae.fr\/wp-content\/uploads\/2025\/05\/25-04EVALYONSUD-171-min.jpg","contentUrl":"https:\/\/canabae.fr\/wp-content\/uploads\/2025\/05\/25-04EVALYONSUD-171-min.jpg","width":1920,"height":1080,"caption":"photographe de reportage \u00e0 Lyon"},{"@type":"BreadcrumbList","@id":"https:\/\/canabae.fr\/comment-se-preparer-pour-une-seance-avec-un-photographe-de-reportage-a-lyon\/#breadcrumb","itemListElement":[{"@type":"ListItem","position":1,"name":"Accueil","item":"https:\/\/canabae.fr\/"},{"@type":"ListItem","position":2,"name":"Comment se pr\u00e9parer pour une s\u00e9ance avec un photographe de reportage \u00e0 Lyon ?"}]},{"@type":"WebSite","@id":"https:\/\/canabae.fr\/#website","url":"https:\/\/canabae.fr\/","name":"Canabae Studios","description":"Videographers and studio rental in Lyon","publisher":{"@id":"https:\/\/canabae.fr\/#organization"},"potentialAction":[{"@type":"SearchAction","target":{"@type":"EntryPoint","urlTemplate":"https:\/\/canabae.fr\/?s={search_term_string}"},"query-input":{"@type":"PropertyValueSpecification","valueRequired":true,"valueName":"search_term_string"}}],"inLanguage":"en-GB"},{"@type":"Organization","@id":"https:\/\/canabae.fr\/#organization","name":"Canabae - Professional Videographers Lyon","url":"https:\/\/canabae.fr\/","logo":{"@type":"ImageObject","inLanguage":"en-GB","@id":"https:\/\/canabae.fr\/#\/schema\/logo\/image\/","url":"https:\/\/canabae.fr\/wp-content\/uploads\/2024\/11\/CANABAE-Icone-Noir.png","contentUrl":"https:\/\/canabae.fr\/wp-content\/uploads\/2024\/11\/CANABAE-Icone-Noir.png","width":2644,"height":2481,"caption":"Canabae - Vid\u00e9astes professionnels Lyon"},"image":{"@id":"https:\/\/canabae.fr\/#\/schema\/logo\/image\/"},"sameAs":["https:\/\/www.facebook.com\/canabae.fr\/","https:\/\/www.instagram.com\/canabae.studios\/","https:\/\/www.tiktok.com\/@canabae.studios","https:\/\/www.linkedin.com\/company\/canabae\/"]},{"@type":"Person","@id":"https:\/\/canabae.fr\/#\/schema\/person\/e58b8e87e247b8ce3b2fb9b1a8572044","name":"gentle view","image":{"@type":"ImageObject","inLanguage":"en-GB","@id":"https:\/\/canabae.fr\/wp-content\/litespeed\/avatar\/7778e21f87984950f6367189c0b256f4.jpg?ver=1777472236","url":"https:\/\/canabae.fr\/wp-content\/litespeed\/avatar\/7778e21f87984950f6367189c0b256f4.jpg?ver=1777472236","contentUrl":"https:\/\/canabae.fr\/wp-content\/litespeed\/avatar\/7778e21f87984950f6367189c0b256f4.jpg?ver=1777472236","caption":"gentleview"}}]}},"_links":{"self":[{"href":"https:\/\/canabae.fr\/en\/wp-json\/wp\/v2\/posts\/16120","targetHints":{"allow":["GET"]}}],"collection":[{"href":"https:\/\/canabae.fr\/en\/wp-json\/wp\/v2\/posts"}],"about":[{"href":"https:\/\/canabae.fr\/en\/wp-json\/wp\/v2\/types\/post"}],"author":[{"embeddable":true,"href":"https:\/\/canabae.fr\/en\/wp-json\/wp\/v2\/users\/2"}],"replies":[{"embeddable":true,"href":"https:\/\/canabae.fr\/en\/wp-json\/wp\/v2\/comments?post=16120"}],"version-history":[{"count":1,"href":"https:\/\/canabae.fr\/en\/wp-json\/wp\/v2\/posts\/16120\/revisions"}],"predecessor-version":[{"id":16128,"href":"https:\/\/canabae.fr\/en\/wp-json\/wp\/v2\/posts\/16120\/revisions\/16128"}],"wp:featuredmedia":[{"embeddable":true,"href":"https:\/\/canabae.fr\/en\/wp-json\/wp\/v2\/media\/16983"}],"wp:attachment":[{"href":"https:\/\/canabae.fr\/en\/wp-json\/wp\/v2\/media?parent=16120"}],"wp:term":[{"taxonomy":"category","embeddable":true,"href":"https:\/\/canabae.fr\/en\/wp-json\/wp\/v2\/categories?post=16120"},{"taxonomy":"post_tag","embeddable":true,"href":"https:\/\/canabae.fr\/en\/wp-json\/wp\/v2\/tags?post=16120"}],"curies":[{"name":"wp","href":"https:\/\/api.w.org\/{rel}","templated":true}]}}