{"id":16123,"date":"2025-05-30T14:03:20","date_gmt":"2025-05-30T14:03:20","guid":{"rendered":"https:\/\/canabae.fr\/?p=16123"},"modified":"2025-07-02T12:29:39","modified_gmt":"2025-07-02T12:29:39","slug":"photographe-de-reportage-a-lyon-que-faut-il-apporter-le-jour-de-la-seance","status":"publish","type":"post","link":"https:\/\/canabae.fr\/en\/photographe-de-reportage-a-lyon-que-faut-il-apporter-le-jour-de-la-seance\/","title":{"rendered":"Reportage photographer in Lyon: what should you bring on the day of the shoot?"},"content":{"rendered":"<h2 class=\"wp-block-heading\"><strong>Prepare a session with a <\/strong><em><strong>reportage photographer in Lyon<\/strong><\/em><strong> : the essentials to know<\/strong><\/h2>\n\n\n\n<p>D-day is approaching and you have booked a session with a <strong>reportage photographer in Lyon<\/strong>Good news: Proper preparation will help you optimize the results of your photos. Whether it&#039;s for a corporate report, a corporate event, or an immersive session at your premises, certain elements are essential to ensure everything goes smoothly. Here&#039;s what you absolutely must plan for, step by step.<\/p>\n\n\n\n<h2 class=\"wp-block-heading\"><strong>1. Your photo goals: clarify your expectations before the session<\/strong><\/h2>\n\n\n\n<p>Before even thinking about equipment or clothing, it is essential to clearly define what you expect from the session with your <strong>reportage photographer in Lyon<\/strong>Would you like on-site portraits? Discreet coverage of your event? Images for your website or social media?<\/p>\n\n\n\n<ul class=\"wp-block-list\">\n<li>List the types of photos you imagine (e.g., action portraits, wide shots, details).<\/li>\n\n\n\n<li>Determine the end uses (internal communication, LinkedIn, corporate site, etc.).<\/li>\n\n\n\n<li>Discuss this vision with your photographer in advance.<\/li>\n<\/ul>\n\n\n\n<p><strong>Indeed<\/strong>, the more precise your expectations are, the more coherent and relevant the report will be.<\/p>\n\n\n\n<h2 class=\"wp-block-heading\"><strong>2. Take care of your appearance: outfit and details that count<\/strong><\/h2>\n\n\n\n<p>Even if a report is intended to be natural and candid, your appearance remains important. What you wear plays a direct role in the image you project in the photos.<\/p>\n\n\n\n<p><strong>To be expected:<\/strong><\/p>\n\n\n\n<ul class=\"wp-block-list\">\n<li>Simple clothing suited to your work environment.<\/li>\n\n\n\n<li>Avoid overly flashy patterns or colors.<\/li>\n\n\n\n<li>Think about the little details: neat hairstyle, discreet accessories.<\/li>\n<\/ul>\n\n\n\n<p><strong>What&#039;s more<\/strong>, an experienced photographer, like those from the Lyon team of Canabae, will be able to guide you to obtain a professional result, without excessive staging.<\/p>\n\n\n\n<h2 class=\"wp-block-heading\"><strong>3. Your premises or filming locations: prepare the environment<\/strong><\/h2>\n\n\n\n<p>The environment strongly influences the quality of the photographic rendering. Before the arrival of your <strong><a href=\"https:\/\/canabae.fr\/photographe-reportage-lyon\/\">reportage photographer in Lyon<\/a><\/strong>, make sure the premises are clean, tidy and representative of your business.<\/p>\n\n\n\n<p><strong>Practical advice:<\/strong><\/p>\n\n\n\n<ul class=\"wp-block-list\">\n<li>Open the curtains, let the natural light in.<\/li>\n\n\n\n<li>Remove unnecessary items, exposed cables, cardboard boxes, etc.<\/li>\n\n\n\n<li>Prepare the spaces where key interactions will take place.<\/li>\n<\/ul>\n\n\n\n<p><strong>So<\/strong>, each photo will reflect a place that enhances your activity and your teams.<\/p>\n\n\n\n<h2 class=\"wp-block-heading\"><strong>4. Materials or documents to be highlighted in the report<\/strong><\/h2>\n\n\n\n<p>A good report tells a story. To achieve this, it can be helpful to have some iconic elements of your business on hand. This helps give meaning to the images.<\/p>\n\n\n\n<p><strong>To be expected:<\/strong><\/p>\n\n\n\n<ul class=\"wp-block-list\">\n<li>Specific products, prototypes, tools or documents.<\/li>\n\n\n\n<li>Communication supports (flyers, brochures, visible logos).<\/li>\n\n\n\n<li>Demonstration material or professional equipment.<\/li>\n<\/ul>\n\n\n\n<p><strong>However<\/strong>, be careful not to overdo it: the goal is to create an authentic atmosphere, not an artificial staging.<\/p>\n\n\n\n<h2 class=\"wp-block-heading\"><strong>5. Organization and timing: plan ahead to make the session run more smoothly<\/strong><\/h2>\n\n\n\n<p>The success of a report often depends on the fluidity of the organization. Good coordination between your teams and the <strong>reportage photographer in Lyon<\/strong> is therefore essential.<\/p>\n\n\n\n<p><strong>Organizational checklist:<\/strong><\/p>\n\n\n\n<ol start=\"1\" class=\"wp-block-list\">\n<li>Inform everyone involved of the time and procedure.<\/li>\n\n\n\n<li>Plan slots where activity is representative (avoid downtime).<\/li>\n\n\n\n<li>Make sure the locations to be photographed are available.<\/li>\n<\/ol>\n\n\n\n<p><strong>In conclusion<\/strong>, a well-prepared session helps limit unforeseen events and maximize the potential of each image captured.<\/p>\n\n\n\n<hr class=\"wp-block-separator has-alpha-channel-opacity\"\/>\n\n\n\n<h3 class=\"wp-block-heading\"><strong>Summary table of elements to provide<\/strong><\/h3>\n\n\n\n<figure class=\"wp-block-table\"><table class=\"has-fixed-layout\"><tbody><tr><th>Essential elements<\/th><th>Why plan them?<\/th><\/tr><tr><td>List of photo lenses<\/td><td>Guide the session effectively<\/td><\/tr><tr><td>Neat and appropriate attire<\/td><td>Enhance your image without artifice<\/td><\/tr><tr><td>Clean and bright environment<\/td><td>Improve visual quality<\/td><\/tr><tr><td>Business objects or tools<\/td><td>Giving meaning to the report<\/td><\/tr><tr><td>Timing well set<\/td><td>Optimize the progress of the session<\/td><\/tr><\/tbody><\/table><\/figure>\n\n\n\n<hr class=\"wp-block-separator has-alpha-channel-opacity\"\/>\n\n\n\n<h2 class=\"wp-block-heading\"><strong>FAQ \u2013 Everything you need to know before calling on a <\/strong><em><strong>reportage photographer in Lyon<\/strong><\/em><\/h2>\n\n\n\n<h3 class=\"wp-block-heading\"><strong>What clothes should you wear for a professional photo shoot?<\/strong><\/h3>\n\n\n\n<p>Opt for understated outfits that are consistent with your brand image. Avoid overly visible logos (except those of your company), pinstripes (which can cause moir\u00e9), and loud colors. Also, consider coordinating outfits if several people are being photographed together.<\/p>\n\n\n\n<h3 class=\"wp-block-heading\"><strong>Should we prepare the location before the photographer arrives?<\/strong><\/h3>\n\n\n\n<p>Yes. A tidy, bright and well-kept place will greatly facilitate the work of the <strong>reportage photographer in Lyon<\/strong>This saves time and gives a more professional result, even in a natural setting.<\/p>\n\n\n\n<h3 class=\"wp-block-heading\"><strong>Should I write a brief before the session?<\/strong><\/h3>\n\n\n\n<p>Absolutely. A brief, even a brief, allows you to lay the foundations: your expectations, your constraints, your objectives. This avoids misunderstandings and ensures effective collaboration from the start.<\/p>\n\n\n\n<hr class=\"wp-block-separator has-alpha-channel-opacity\"\/>\n\n\n\n<h2 class=\"wp-block-heading\"><strong>Conclusion: Preparation is the key to a successful professional photoshoot.<\/strong><\/h2>\n\n\n\n<p>To get the most out of your session with a <strong>reportage photographer in Lyon<\/strong>, anticipation is your best ally. Clear objectives, well-prepared locations, a polished appearance, and objects to highlight\u2014everything counts. By following these concrete tips, you maximize your chances of obtaining a useful, rewarding, and usable report across all your communication media.<\/p>\n\n\n\n<p>\ud83d\udc49 You can read a similar article by clicking on this link: <strong><a href=\"https:\/\/1-horizon.be\/quels-lieux-emblematiques-un-photographe-de-reportage-a-lyon-recommande-t-il-pour-une-seance-urbaine\/business\/\">Reportage photographer in Lyon<\/a><\/strong><\/p>","protected":false},"excerpt":{"rendered":"<p>Pr\u00e9parer une s\u00e9ance avec un photographe de reportage \u00e0 Lyon : l\u2019essentiel \u00e0 savoir Le jour J approche et vous avez r\u00e9serv\u00e9 une s\u00e9ance avec un photographe de reportage \u00e0 Lyon\u202f? Bonne nouvelle : une bonne pr\u00e9paration vous permettra d\u2019optimiser [&hellip;]<\/p>\n","protected":false},"author":2,"featured_media":15249,"comment_status":"open","ping_status":"open","sticky":false,"template":"","format":"standard","meta":{"footnotes":""},"categories":[38],"tags":[],"class_list":["post-16123","post","type-post","status-publish","format-standard","has-post-thumbnail","hentry","category-photographe-reportage-lyon"],"yoast_head":"<!-- This site is optimized with the Yoast SEO plugin v27.4 - https:\/\/yoast.com\/product\/yoast-seo-wordpress\/ -->\n<title>Photographe de reportage \u00e0 Lyon : que faut-il apporter le jour de la s\u00e9ance ? | Canabae Studios<\/title>\n<meta name=\"description\" content=\"Le jour J approche et vous avez r\u00e9serv\u00e9 une s\u00e9ance avec un photographe de reportage \u00e0 Lyon\u202f? Bonne nouvelle : une bonne pr\u00e9paration vous permettra\" \/>\n<meta name=\"robots\" content=\"index, follow, max-snippet:-1, max-image-preview:large, max-video-preview:-1\" \/>\n<link rel=\"canonical\" href=\"https:\/\/canabae.fr\/en\/photographe-de-reportage-a-lyon-que-faut-il-apporter-le-jour-de-la-seance\/\" \/>\n<meta property=\"og:locale\" content=\"en_GB\" \/>\n<meta property=\"og:type\" content=\"article\" \/>\n<meta property=\"og:title\" content=\"Photographe de reportage \u00e0 Lyon : que faut-il apporter le jour de la s\u00e9ance ? | Canabae Studios\" \/>\n<meta property=\"og:description\" content=\"Le jour J approche et vous avez r\u00e9serv\u00e9 une s\u00e9ance avec un photographe de reportage \u00e0 Lyon\u202f? Bonne nouvelle : une bonne pr\u00e9paration vous permettra\" \/>\n<meta property=\"og:url\" content=\"https:\/\/canabae.fr\/en\/photographe-de-reportage-a-lyon-que-faut-il-apporter-le-jour-de-la-seance\/\" \/>\n<meta property=\"og:site_name\" content=\"Canabae Studios\" \/>\n<meta property=\"article:publisher\" content=\"https:\/\/www.facebook.com\/canabae.fr\/\" \/>\n<meta property=\"article:published_time\" content=\"2025-05-30T14:03:20+00:00\" \/>\n<meta property=\"article:modified_time\" content=\"2025-07-02T12:29:39+00:00\" \/>\n<meta property=\"og:image\" content=\"https:\/\/canabae.fr\/wp-content\/uploads\/2025\/01\/23-08_IntercontinentalxBieresGeorges-Canabae-45-min-scaled.jpg\" \/>\n\t<meta property=\"og:image:width\" content=\"2560\" \/>\n\t<meta property=\"og:image:height\" content=\"1707\" \/>\n\t<meta property=\"og:image:type\" content=\"image\/jpeg\" \/>\n<meta name=\"author\" content=\"gentleview\" \/>\n<meta name=\"twitter:card\" content=\"summary_large_image\" \/>\n<meta name=\"twitter:label1\" content=\"Written by\" \/>\n\t<meta name=\"twitter:data1\" content=\"gentleview\" \/>\n\t<meta name=\"twitter:label2\" content=\"Estimated reading time\" \/>\n\t<meta name=\"twitter:data2\" content=\"5 minutes\" \/>\n<script type=\"application\/ld+json\" class=\"yoast-schema-graph\">{\"@context\":\"https:\\\/\\\/schema.org\",\"@graph\":[{\"@type\":\"Article\",\"@id\":\"https:\\\/\\\/canabae.fr\\\/photographe-de-reportage-a-lyon-que-faut-il-apporter-le-jour-de-la-seance\\\/#article\",\"isPartOf\":{\"@id\":\"https:\\\/\\\/canabae.fr\\\/photographe-de-reportage-a-lyon-que-faut-il-apporter-le-jour-de-la-seance\\\/\"},\"author\":{\"name\":\"gentleview\",\"@id\":\"https:\\\/\\\/canabae.fr\\\/#\\\/schema\\\/person\\\/e58b8e87e247b8ce3b2fb9b1a8572044\"},\"headline\":\"Photographe de reportage \u00e0 Lyon : que faut-il apporter le jour de la s\u00e9ance ?\",\"datePublished\":\"2025-05-30T14:03:20+00:00\",\"dateModified\":\"2025-07-02T12:29:39+00:00\",\"mainEntityOfPage\":{\"@id\":\"https:\\\/\\\/canabae.fr\\\/photographe-de-reportage-a-lyon-que-faut-il-apporter-le-jour-de-la-seance\\\/\"},\"wordCount\":911,\"commentCount\":0,\"publisher\":{\"@id\":\"https:\\\/\\\/canabae.fr\\\/#organization\"},\"image\":{\"@id\":\"https:\\\/\\\/canabae.fr\\\/photographe-de-reportage-a-lyon-que-faut-il-apporter-le-jour-de-la-seance\\\/#primaryimage\"},\"thumbnailUrl\":\"https:\\\/\\\/canabae.fr\\\/wp-content\\\/uploads\\\/2025\\\/01\\\/23-08_IntercontinentalxBieresGeorges-Canabae-45-min-scaled.jpg\",\"articleSection\":[\"Photographe reportage lyon\"],\"inLanguage\":\"en-GB\",\"potentialAction\":[{\"@type\":\"CommentAction\",\"name\":\"Comment\",\"target\":[\"https:\\\/\\\/canabae.fr\\\/photographe-de-reportage-a-lyon-que-faut-il-apporter-le-jour-de-la-seance\\\/#respond\"]}]},{\"@type\":\"WebPage\",\"@id\":\"https:\\\/\\\/canabae.fr\\\/photographe-de-reportage-a-lyon-que-faut-il-apporter-le-jour-de-la-seance\\\/\",\"url\":\"https:\\\/\\\/canabae.fr\\\/photographe-de-reportage-a-lyon-que-faut-il-apporter-le-jour-de-la-seance\\\/\",\"name\":\"Photographe de reportage \u00e0 Lyon : que faut-il apporter le jour de la s\u00e9ance ? | Canabae Studios\",\"isPartOf\":{\"@id\":\"https:\\\/\\\/canabae.fr\\\/#website\"},\"primaryImageOfPage\":{\"@id\":\"https:\\\/\\\/canabae.fr\\\/photographe-de-reportage-a-lyon-que-faut-il-apporter-le-jour-de-la-seance\\\/#primaryimage\"},\"image\":{\"@id\":\"https:\\\/\\\/canabae.fr\\\/photographe-de-reportage-a-lyon-que-faut-il-apporter-le-jour-de-la-seance\\\/#primaryimage\"},\"thumbnailUrl\":\"https:\\\/\\\/canabae.fr\\\/wp-content\\\/uploads\\\/2025\\\/01\\\/23-08_IntercontinentalxBieresGeorges-Canabae-45-min-scaled.jpg\",\"datePublished\":\"2025-05-30T14:03:20+00:00\",\"dateModified\":\"2025-07-02T12:29:39+00:00\",\"description\":\"Le jour J approche et vous avez r\u00e9serv\u00e9 une s\u00e9ance avec un photographe de reportage \u00e0 Lyon\u202f? Bonne nouvelle : une bonne pr\u00e9paration vous permettra\",\"breadcrumb\":{\"@id\":\"https:\\\/\\\/canabae.fr\\\/photographe-de-reportage-a-lyon-que-faut-il-apporter-le-jour-de-la-seance\\\/#breadcrumb\"},\"inLanguage\":\"en-GB\",\"potentialAction\":[{\"@type\":\"ReadAction\",\"target\":[\"https:\\\/\\\/canabae.fr\\\/photographe-de-reportage-a-lyon-que-faut-il-apporter-le-jour-de-la-seance\\\/\"]}]},{\"@type\":\"ImageObject\",\"inLanguage\":\"en-GB\",\"@id\":\"https:\\\/\\\/canabae.fr\\\/photographe-de-reportage-a-lyon-que-faut-il-apporter-le-jour-de-la-seance\\\/#primaryimage\",\"url\":\"https:\\\/\\\/canabae.fr\\\/wp-content\\\/uploads\\\/2025\\\/01\\\/23-08_IntercontinentalxBieresGeorges-Canabae-45-min-scaled.jpg\",\"contentUrl\":\"https:\\\/\\\/canabae.fr\\\/wp-content\\\/uploads\\\/2025\\\/01\\\/23-08_IntercontinentalxBieresGeorges-Canabae-45-min-scaled.jpg\",\"width\":2560,\"height\":1707,\"caption\":\"studio photo Lyon\"},{\"@type\":\"BreadcrumbList\",\"@id\":\"https:\\\/\\\/canabae.fr\\\/photographe-de-reportage-a-lyon-que-faut-il-apporter-le-jour-de-la-seance\\\/#breadcrumb\",\"itemListElement\":[{\"@type\":\"ListItem\",\"position\":1,\"name\":\"Accueil\",\"item\":\"https:\\\/\\\/canabae.fr\\\/\"},{\"@type\":\"ListItem\",\"position\":2,\"name\":\"Photographe de reportage \u00e0 Lyon : que faut-il apporter le jour de la s\u00e9ance ?\"}]},{\"@type\":\"WebSite\",\"@id\":\"https:\\\/\\\/canabae.fr\\\/#website\",\"url\":\"https:\\\/\\\/canabae.fr\\\/\",\"name\":\"Canabae Studios\",\"description\":\"Vid\u00e9astes et location de studio \u00e0 Lyon\",\"publisher\":{\"@id\":\"https:\\\/\\\/canabae.fr\\\/#organization\"},\"potentialAction\":[{\"@type\":\"SearchAction\",\"target\":{\"@type\":\"EntryPoint\",\"urlTemplate\":\"https:\\\/\\\/canabae.fr\\\/?s={search_term_string}\"},\"query-input\":{\"@type\":\"PropertyValueSpecification\",\"valueRequired\":true,\"valueName\":\"search_term_string\"}}],\"inLanguage\":\"en-GB\"},{\"@type\":\"Organization\",\"@id\":\"https:\\\/\\\/canabae.fr\\\/#organization\",\"name\":\"Canabae - Vid\u00e9astes professionnels Lyon\",\"url\":\"https:\\\/\\\/canabae.fr\\\/\",\"logo\":{\"@type\":\"ImageObject\",\"inLanguage\":\"en-GB\",\"@id\":\"https:\\\/\\\/canabae.fr\\\/#\\\/schema\\\/logo\\\/image\\\/\",\"url\":\"https:\\\/\\\/canabae.fr\\\/wp-content\\\/uploads\\\/2024\\\/11\\\/CANABAE-Icone-Noir.png\",\"contentUrl\":\"https:\\\/\\\/canabae.fr\\\/wp-content\\\/uploads\\\/2024\\\/11\\\/CANABAE-Icone-Noir.png\",\"width\":2644,\"height\":2481,\"caption\":\"Canabae - Vid\u00e9astes professionnels Lyon\"},\"image\":{\"@id\":\"https:\\\/\\\/canabae.fr\\\/#\\\/schema\\\/logo\\\/image\\\/\"},\"sameAs\":[\"https:\\\/\\\/www.facebook.com\\\/canabae.fr\\\/\",\"https:\\\/\\\/www.instagram.com\\\/canabae.studios\\\/\",\"https:\\\/\\\/www.tiktok.com\\\/@canabae.studios\",\"https:\\\/\\\/www.linkedin.com\\\/company\\\/canabae\\\/\"]},{\"@type\":\"Person\",\"@id\":\"https:\\\/\\\/canabae.fr\\\/#\\\/schema\\\/person\\\/e58b8e87e247b8ce3b2fb9b1a8572044\",\"name\":\"gentleview\",\"image\":{\"@type\":\"ImageObject\",\"inLanguage\":\"en-GB\",\"@id\":\"https:\\\/\\\/canabae.fr\\\/wp-content\\\/litespeed\\\/avatar\\\/7778e21f87984950f6367189c0b256f4.jpg?ver=1777472236\",\"url\":\"https:\\\/\\\/canabae.fr\\\/wp-content\\\/litespeed\\\/avatar\\\/7778e21f87984950f6367189c0b256f4.jpg?ver=1777472236\",\"contentUrl\":\"https:\\\/\\\/canabae.fr\\\/wp-content\\\/litespeed\\\/avatar\\\/7778e21f87984950f6367189c0b256f4.jpg?ver=1777472236\",\"caption\":\"gentleview\"}}]}<\/script>\n<!-- \/ Yoast SEO plugin. -->","yoast_head_json":{"title":"Photographe de reportage \u00e0 Lyon : que faut-il apporter le jour de la s\u00e9ance ? | Canabae Studios","description":"Le jour J approche et vous avez r\u00e9serv\u00e9 une s\u00e9ance avec un photographe de reportage \u00e0 Lyon\u202f? Bonne nouvelle : une bonne pr\u00e9paration vous permettra","robots":{"index":"index","follow":"follow","max-snippet":"max-snippet:-1","max-image-preview":"max-image-preview:large","max-video-preview":"max-video-preview:-1"},"canonical":"https:\/\/canabae.fr\/en\/photographe-de-reportage-a-lyon-que-faut-il-apporter-le-jour-de-la-seance\/","og_locale":"en_GB","og_type":"article","og_title":"Photographe de reportage \u00e0 Lyon : que faut-il apporter le jour de la s\u00e9ance ? | Canabae Studios","og_description":"Le jour J approche et vous avez r\u00e9serv\u00e9 une s\u00e9ance avec un photographe de reportage \u00e0 Lyon\u202f? Bonne nouvelle : une bonne pr\u00e9paration vous permettra","og_url":"https:\/\/canabae.fr\/en\/photographe-de-reportage-a-lyon-que-faut-il-apporter-le-jour-de-la-seance\/","og_site_name":"Canabae Studios","article_publisher":"https:\/\/www.facebook.com\/canabae.fr\/","article_published_time":"2025-05-30T14:03:20+00:00","article_modified_time":"2025-07-02T12:29:39+00:00","og_image":[{"width":2560,"height":1707,"url":"https:\/\/canabae.fr\/wp-content\/uploads\/2025\/01\/23-08_IntercontinentalxBieresGeorges-Canabae-45-min-scaled.jpg","type":"image\/jpeg"}],"author":"gentleview","twitter_card":"summary_large_image","twitter_misc":{"Written by":"gentleview","Estimated reading time":"5 minutes"},"schema":{"@context":"https:\/\/schema.org","@graph":[{"@type":"Article","@id":"https:\/\/canabae.fr\/photographe-de-reportage-a-lyon-que-faut-il-apporter-le-jour-de-la-seance\/#article","isPartOf":{"@id":"https:\/\/canabae.fr\/photographe-de-reportage-a-lyon-que-faut-il-apporter-le-jour-de-la-seance\/"},"author":{"name":"gentleview","@id":"https:\/\/canabae.fr\/#\/schema\/person\/e58b8e87e247b8ce3b2fb9b1a8572044"},"headline":"Photographe de reportage \u00e0 Lyon : que faut-il apporter le jour de la s\u00e9ance ?","datePublished":"2025-05-30T14:03:20+00:00","dateModified":"2025-07-02T12:29:39+00:00","mainEntityOfPage":{"@id":"https:\/\/canabae.fr\/photographe-de-reportage-a-lyon-que-faut-il-apporter-le-jour-de-la-seance\/"},"wordCount":911,"commentCount":0,"publisher":{"@id":"https:\/\/canabae.fr\/#organization"},"image":{"@id":"https:\/\/canabae.fr\/photographe-de-reportage-a-lyon-que-faut-il-apporter-le-jour-de-la-seance\/#primaryimage"},"thumbnailUrl":"https:\/\/canabae.fr\/wp-content\/uploads\/2025\/01\/23-08_IntercontinentalxBieresGeorges-Canabae-45-min-scaled.jpg","articleSection":["Photographe reportage lyon"],"inLanguage":"en-GB","potentialAction":[{"@type":"CommentAction","name":"Comment","target":["https:\/\/canabae.fr\/photographe-de-reportage-a-lyon-que-faut-il-apporter-le-jour-de-la-seance\/#respond"]}]},{"@type":"WebPage","@id":"https:\/\/canabae.fr\/photographe-de-reportage-a-lyon-que-faut-il-apporter-le-jour-de-la-seance\/","url":"https:\/\/canabae.fr\/photographe-de-reportage-a-lyon-que-faut-il-apporter-le-jour-de-la-seance\/","name":"Photographe de reportage \u00e0 Lyon : que faut-il apporter le jour de la s\u00e9ance ? | Canabae Studios","isPartOf":{"@id":"https:\/\/canabae.fr\/#website"},"primaryImageOfPage":{"@id":"https:\/\/canabae.fr\/photographe-de-reportage-a-lyon-que-faut-il-apporter-le-jour-de-la-seance\/#primaryimage"},"image":{"@id":"https:\/\/canabae.fr\/photographe-de-reportage-a-lyon-que-faut-il-apporter-le-jour-de-la-seance\/#primaryimage"},"thumbnailUrl":"https:\/\/canabae.fr\/wp-content\/uploads\/2025\/01\/23-08_IntercontinentalxBieresGeorges-Canabae-45-min-scaled.jpg","datePublished":"2025-05-30T14:03:20+00:00","dateModified":"2025-07-02T12:29:39+00:00","description":"Le jour J approche et vous avez r\u00e9serv\u00e9 une s\u00e9ance avec un photographe de reportage \u00e0 Lyon\u202f? Bonne nouvelle : une bonne pr\u00e9paration vous permettra","breadcrumb":{"@id":"https:\/\/canabae.fr\/photographe-de-reportage-a-lyon-que-faut-il-apporter-le-jour-de-la-seance\/#breadcrumb"},"inLanguage":"en-GB","potentialAction":[{"@type":"ReadAction","target":["https:\/\/canabae.fr\/photographe-de-reportage-a-lyon-que-faut-il-apporter-le-jour-de-la-seance\/"]}]},{"@type":"ImageObject","inLanguage":"en-GB","@id":"https:\/\/canabae.fr\/photographe-de-reportage-a-lyon-que-faut-il-apporter-le-jour-de-la-seance\/#primaryimage","url":"https:\/\/canabae.fr\/wp-content\/uploads\/2025\/01\/23-08_IntercontinentalxBieresGeorges-Canabae-45-min-scaled.jpg","contentUrl":"https:\/\/canabae.fr\/wp-content\/uploads\/2025\/01\/23-08_IntercontinentalxBieresGeorges-Canabae-45-min-scaled.jpg","width":2560,"height":1707,"caption":"studio photo Lyon"},{"@type":"BreadcrumbList","@id":"https:\/\/canabae.fr\/photographe-de-reportage-a-lyon-que-faut-il-apporter-le-jour-de-la-seance\/#breadcrumb","itemListElement":[{"@type":"ListItem","position":1,"name":"Accueil","item":"https:\/\/canabae.fr\/"},{"@type":"ListItem","position":2,"name":"Photographe de reportage \u00e0 Lyon : que faut-il apporter le jour de la s\u00e9ance ?"}]},{"@type":"WebSite","@id":"https:\/\/canabae.fr\/#website","url":"https:\/\/canabae.fr\/","name":"Canabae Studios","description":"Videographers and studio rental in Lyon","publisher":{"@id":"https:\/\/canabae.fr\/#organization"},"potentialAction":[{"@type":"SearchAction","target":{"@type":"EntryPoint","urlTemplate":"https:\/\/canabae.fr\/?s={search_term_string}"},"query-input":{"@type":"PropertyValueSpecification","valueRequired":true,"valueName":"search_term_string"}}],"inLanguage":"en-GB"},{"@type":"Organization","@id":"https:\/\/canabae.fr\/#organization","name":"Canabae - Professional Videographers Lyon","url":"https:\/\/canabae.fr\/","logo":{"@type":"ImageObject","inLanguage":"en-GB","@id":"https:\/\/canabae.fr\/#\/schema\/logo\/image\/","url":"https:\/\/canabae.fr\/wp-content\/uploads\/2024\/11\/CANABAE-Icone-Noir.png","contentUrl":"https:\/\/canabae.fr\/wp-content\/uploads\/2024\/11\/CANABAE-Icone-Noir.png","width":2644,"height":2481,"caption":"Canabae - Vid\u00e9astes professionnels Lyon"},"image":{"@id":"https:\/\/canabae.fr\/#\/schema\/logo\/image\/"},"sameAs":["https:\/\/www.facebook.com\/canabae.fr\/","https:\/\/www.instagram.com\/canabae.studios\/","https:\/\/www.tiktok.com\/@canabae.studios","https:\/\/www.linkedin.com\/company\/canabae\/"]},{"@type":"Person","@id":"https:\/\/canabae.fr\/#\/schema\/person\/e58b8e87e247b8ce3b2fb9b1a8572044","name":"gentle view","image":{"@type":"ImageObject","inLanguage":"en-GB","@id":"https:\/\/canabae.fr\/wp-content\/litespeed\/avatar\/7778e21f87984950f6367189c0b256f4.jpg?ver=1777472236","url":"https:\/\/canabae.fr\/wp-content\/litespeed\/avatar\/7778e21f87984950f6367189c0b256f4.jpg?ver=1777472236","contentUrl":"https:\/\/canabae.fr\/wp-content\/litespeed\/avatar\/7778e21f87984950f6367189c0b256f4.jpg?ver=1777472236","caption":"gentleview"}}]}},"_links":{"self":[{"href":"https:\/\/canabae.fr\/en\/wp-json\/wp\/v2\/posts\/16123","targetHints":{"allow":["GET"]}}],"collection":[{"href":"https:\/\/canabae.fr\/en\/wp-json\/wp\/v2\/posts"}],"about":[{"href":"https:\/\/canabae.fr\/en\/wp-json\/wp\/v2\/types\/post"}],"author":[{"embeddable":true,"href":"https:\/\/canabae.fr\/en\/wp-json\/wp\/v2\/users\/2"}],"replies":[{"embeddable":true,"href":"https:\/\/canabae.fr\/en\/wp-json\/wp\/v2\/comments?post=16123"}],"version-history":[{"count":1,"href":"https:\/\/canabae.fr\/en\/wp-json\/wp\/v2\/posts\/16123\/revisions"}],"predecessor-version":[{"id":16131,"href":"https:\/\/canabae.fr\/en\/wp-json\/wp\/v2\/posts\/16123\/revisions\/16131"}],"wp:featuredmedia":[{"embeddable":true,"href":"https:\/\/canabae.fr\/en\/wp-json\/wp\/v2\/media\/15249"}],"wp:attachment":[{"href":"https:\/\/canabae.fr\/en\/wp-json\/wp\/v2\/media?parent=16123"}],"wp:term":[{"taxonomy":"category","embeddable":true,"href":"https:\/\/canabae.fr\/en\/wp-json\/wp\/v2\/categories?post=16123"},{"taxonomy":"post_tag","embeddable":true,"href":"https:\/\/canabae.fr\/en\/wp-json\/wp\/v2\/tags?post=16123"}],"curies":[{"name":"wp","href":"https:\/\/api.w.org\/{rel}","templated":true}]}}