{"id":16568,"date":"2025-06-04T11:39:15","date_gmt":"2025-06-04T11:39:15","guid":{"rendered":"https:\/\/canabae.fr\/?p=16568"},"modified":"2025-06-04T11:39:17","modified_gmt":"2025-06-04T11:39:17","slug":"combien-coute-une-prestation-avec-un-photographe-de-reportage-a-lyon","status":"publish","type":"post","link":"https:\/\/canabae.fr\/en\/combien-coute-une-prestation-avec-un-photographe-de-reportage-a-lyon\/","title":{"rendered":"How much does a service with a reportage photographer in Lyon cost?"},"content":{"rendered":"<h2 class=\"wp-block-heading\"><strong>Understanding the price of a <\/strong><em><strong>reportage photographer in Lyon<\/strong><\/em><\/h2>\n\n\n\n<p>Call a <strong>reportage photographer in Lyon<\/strong> represents an investment that varies depending on many parameters. From the outset, it is essential to know that prices are not fixed and can change depending on the complexity of the project, the duration of the service, or even the experience of the photographer. On average, prices range between <strong>300\u20ac and 1500\u20ac<\/strong>, or even more for more technical or long-term projects.<\/p>\n\n\n\n<p>These costs generally include several elements: preparation of the report, shooting time, image processing, and final delivery. Each service is therefore unique. Indeed, whether for a corporate event, an institutional report, or construction site monitoring, expectations differ, and budgets are adjusted accordingly.<\/p>\n\n\n\n<h2 class=\"wp-block-heading\"><strong>The main factors that influence the price of a reportage photographer<\/strong><\/h2>\n\n\n\n<p>The price of a <strong>reportage photographer in Lyon<\/strong> is based on several criteria. Here are the most determining elements:<\/p>\n\n\n\n<ol start=\"1\" class=\"wp-block-list\">\n<li><strong>The duration of the service<\/strong> : a half day will logically cost less than a full day.<\/li>\n\n\n\n<li><strong>The type of report<\/strong> : corporate, events, social, industrial\u2026 each field has its requirements.<\/li>\n\n\n\n<li><strong>The number of photos delivered<\/strong> and the <strong>post-processing time<\/strong> : the more photos there are, the longer the selection and editing work takes.<\/li>\n\n\n\n<li><strong>The material used<\/strong> : a report requiring drones or several cameras involves an additional cost.<\/li>\n\n\n\n<li><strong>Image usage rights<\/strong> : internal, commercial, advertising use\u2026 the price varies depending on the distribution.<\/li>\n<\/ol>\n\n\n\n<p>Therefore, a company wanting an immersive report over several days will have to anticipate a larger budget than a simple two-hour photo session.<\/p>\n\n\n\n<h2 class=\"wp-block-heading\"><strong>Examples of rates for a reportage photographer in Lyon<\/strong><\/h2>\n\n\n\n<p>Here is an indicative table which gives a more concrete idea of the <strong>prices charged in Lyon for a reportage photographer<\/strong> :<\/p>\n\n\n\n<figure class=\"wp-block-table\"><table class=\"has-fixed-layout\"><tbody><tr><th>Type of service<\/th><th>Approximate duration<\/th><th>Price range including VAT<\/th><th>Included in the price<\/th><\/tr><tr><td>Simple event reporting<\/td><td>2 to 4 hours<\/td><td>300\u20ac \u2013 600\u20ac<\/td><td>Shooting + selection + basic retouching<\/td><\/tr><tr><td>Business\/corporate report<\/td><td>1 day<\/td><td>600\u20ac \u2013 1200\u20ac<\/td><td>Brief + full report + post-processing<\/td><\/tr><tr><td>Long-term construction site monitoring<\/td><td>Several weeks<\/td><td>On quote (from \u20ac1,500)<\/td><td>Planning, visits, post-production, rights transferred<\/td><\/tr><\/tbody><\/table><\/figure>\n\n\n\n<p>It is always advisable to request a personalized quote, as each mission has its own specificities. Some local structures, such as <strong>this Lyon studio specializes<\/strong>, adapt their offers flexibly, according to the customer&#039;s constraints.<\/p>\n\n\n\n<h2 class=\"wp-block-heading\"><strong>Why are some photographers more expensive than others?<\/strong><\/h2>\n\n\n\n<p>The price of a <strong>reportage photographer in Lyon<\/strong> also reflects its <strong>experience<\/strong>, his <strong>reputation<\/strong> and the <strong>quality of his work<\/strong>A novice photographer will offer lower prices, but with sometimes unpredictable results. Conversely, an experienced professional masters all the technical and human aspects of reportage, guaranteeing impactful images, perfectly framed and faithful to the spirit of the moment.<\/p>\n\n\n\n<p>In addition, some providers provide a <strong>added value<\/strong> not insignificant: advice on visual communication, help with storytelling, or even adaptation to the specific codes of a sector (real estate, industry, health, etc.). This is particularly the case for Lyon professionals like those offered by <a href=\"https:\/\/canabae.fr\/photographe-reportage-lyon\/\">this specialized site<\/a>, which combine technical expertise and a detailed understanding of their customers&#039; needs.<\/p>\n\n\n\n<h2 class=\"wp-block-heading\"><strong>How to choose the right photographer for your report in Lyon?<\/strong><\/h2>\n\n\n\n<p>To select the right one <strong>reportage photographer in Lyon<\/strong>, it is essential to take into account several criteria:<\/p>\n\n\n\n<ul class=\"wp-block-list\">\n<li><strong>Portfolio<\/strong> : it allows you to judge the style, consistency and quality of the images.<\/li>\n\n\n\n<li><strong>Experience in your sector<\/strong> : a photographer used to covering cultural events will not have the same reflexes as an industry specialist.<\/li>\n\n\n\n<li><strong>Responsiveness and communication<\/strong> : a good professional relationship is essential for a successful report.<\/li>\n\n\n\n<li><strong>Clarity of the quote<\/strong> : watch out for hidden costs or options not included in the initial price.<\/li>\n<\/ul>\n\n\n\n<p>A trusted photographer will take the time to understand your goals, offer a personalized approach, and support you through to final delivery of the images.<\/p>\n\n\n\n<h2 class=\"wp-block-heading\"><strong>When to request a personalized quote?<\/strong><\/h2>\n\n\n\n<p>As soon as your project goes beyond the limits of a standard service (several days of reporting, technical constraints, advertising broadcasting, etc.), it is imperative to request a <strong>personalized quote<\/strong>This will allow services to be adjusted to exact needs, while ensuring complete transparency on costs.<\/p>\n\n\n\n<p>For example, a <strong>reportage photographer in Lyon<\/strong> can integrate specific options into its offer such as:<\/p>\n\n\n\n<ul class=\"wp-block-list\">\n<li>Night or low light photos.<\/li>\n\n\n\n<li>The use of drones for aerial views.<\/li>\n\n\n\n<li>Express delivery of files for an urgent event.<\/li>\n<\/ul>\n\n\n\n<p>Tailor-made solutions not only optimize the final result, but also avoid unpleasant surprises.<\/p>\n\n\n\n<h2 class=\"wp-block-heading\"><strong>FAQ \u2013 Reportage photographer in Lyon: prices and advice<\/strong><\/h2>\n\n\n\n<h3 class=\"wp-block-heading\"><strong>What is the average price for a reportage photographer in Lyon?<\/strong><\/h3>\n\n\n\n<p>The average price is between <strong>400\u20ac and 1000\u20ac<\/strong> for a standard service. This depends in particular on the length of the report, the number of photos desired and the type of distribution envisaged.<\/p>\n\n\n\n<h3 class=\"wp-block-heading\"><strong>Are travel expenses included in the price?<\/strong><\/h3>\n\n\n\n<p>Travel expenses are generally included for reports in the city center or near suburbs. Beyond a certain radius, a flat rate may be added. It&#039;s advisable to check this when receiving a quote.<\/p>\n\n\n\n<h3 class=\"wp-block-heading\"><strong>Should I sign a contract with the photographer?<\/strong><\/h3>\n\n\n\n<p>Yes, it is highly recommended. The contract guarantees clarity of commitments, image usage rights, delivery deadlines, and protects both parties in the event of a dispute.<\/p>\n\n\n\n<h2 class=\"wp-block-heading\"><strong>Conclusion<\/strong><\/h2>\n\n\n\n<p>THE <strong>price of a reportage photographer in Lyon<\/strong> varies depending on many parameters: duration, complexity, distribution of images, etc. To obtain a price adapted to your needs, the ideal remains to request a personalized quote from an experienced professional, capable of supporting you from A to Z in your visual project. By choosing a qualified local photographer, you maximize your chances of obtaining a faithful, aesthetic and usable result in the long term.<\/p>\n\n\n\n<p>\ud83d\udc49 Do you want to go further in understanding the profession? Discover a <a href=\"https:\/\/sanabil.fr\/quels-sont-les-styles-de-traitement-dimage-proposes-par-un-photographe-de-reportage-a-lyon\/business\/\">article on image processing styles proposed by a reportage photographer in Lyon<\/a>.<\/p>","protected":false},"excerpt":{"rendered":"<p>Comprendre le tarif d\u2019un photographe de reportage \u00e0 Lyon Faire appel \u00e0 un photographe de reportage \u00e0 Lyon repr\u00e9sente un investissement qui varie en fonction de nombreux param\u00e8tres. D\u00e8s le d\u00e9part, il est essentiel de savoir que les prix ne [&hellip;]<\/p>\n","protected":false},"author":2,"featured_media":16573,"comment_status":"open","ping_status":"open","sticky":false,"template":"","format":"standard","meta":{"footnotes":""},"categories":[38],"tags":[],"class_list":["post-16568","post","type-post","status-publish","format-standard","has-post-thumbnail","hentry","category-photographe-reportage-lyon"],"yoast_head":"<!-- This site is optimized with the Yoast SEO plugin v27.4 - https:\/\/yoast.com\/product\/yoast-seo-wordpress\/ -->\n<title>Combien co\u00fbte une prestation avec un photographe de reportage \u00e0 Lyon ? | Canabae Studios<\/title>\n<meta name=\"description\" content=\"Le prix d\u2019un photographe de reportage \u00e0 Lyon varie selon de nombreux param\u00e8tres : dur\u00e9e, complexit\u00e9, diffusion des images,\" \/>\n<meta name=\"robots\" content=\"index, follow, max-snippet:-1, max-image-preview:large, max-video-preview:-1\" \/>\n<link rel=\"canonical\" href=\"https:\/\/canabae.fr\/en\/combien-coute-une-prestation-avec-un-photographe-de-reportage-a-lyon\/\" \/>\n<meta property=\"og:locale\" content=\"en_GB\" \/>\n<meta property=\"og:type\" content=\"article\" \/>\n<meta property=\"og:title\" content=\"Combien co\u00fbte une prestation avec un photographe de reportage \u00e0 Lyon ? | Canabae Studios\" \/>\n<meta property=\"og:description\" content=\"Le prix d\u2019un photographe de reportage \u00e0 Lyon varie selon de nombreux param\u00e8tres : dur\u00e9e, complexit\u00e9, diffusion des images,\" \/>\n<meta property=\"og:url\" content=\"https:\/\/canabae.fr\/en\/combien-coute-une-prestation-avec-un-photographe-de-reportage-a-lyon\/\" \/>\n<meta property=\"og:site_name\" content=\"Canabae Studios\" \/>\n<meta property=\"article:publisher\" content=\"https:\/\/www.facebook.com\/canabae.fr\/\" \/>\n<meta property=\"article:published_time\" content=\"2025-06-04T11:39:15+00:00\" \/>\n<meta property=\"article:modified_time\" content=\"2025-06-04T11:39:17+00:00\" \/>\n<meta property=\"og:image\" content=\"https:\/\/canabae.fr\/wp-content\/uploads\/2025\/06\/photographe2.png\" \/>\n\t<meta property=\"og:image:width\" content=\"553\" \/>\n\t<meta property=\"og:image:height\" content=\"368\" \/>\n\t<meta property=\"og:image:type\" content=\"image\/png\" \/>\n<meta name=\"author\" content=\"gentleview\" \/>\n<meta name=\"twitter:card\" content=\"summary_large_image\" \/>\n<meta name=\"twitter:label1\" content=\"Written by\" \/>\n\t<meta name=\"twitter:data1\" content=\"gentleview\" \/>\n\t<meta name=\"twitter:label2\" content=\"Estimated reading time\" \/>\n\t<meta name=\"twitter:data2\" content=\"6 minutes\" \/>\n<script type=\"application\/ld+json\" class=\"yoast-schema-graph\">{\"@context\":\"https:\\\/\\\/schema.org\",\"@graph\":[{\"@type\":\"Article\",\"@id\":\"https:\\\/\\\/canabae.fr\\\/combien-coute-une-prestation-avec-un-photographe-de-reportage-a-lyon\\\/#article\",\"isPartOf\":{\"@id\":\"https:\\\/\\\/canabae.fr\\\/combien-coute-une-prestation-avec-un-photographe-de-reportage-a-lyon\\\/\"},\"author\":{\"name\":\"gentleview\",\"@id\":\"https:\\\/\\\/canabae.fr\\\/#\\\/schema\\\/person\\\/e58b8e87e247b8ce3b2fb9b1a8572044\"},\"headline\":\"Combien co\u00fbte une prestation avec un photographe de reportage \u00e0 Lyon ?\",\"datePublished\":\"2025-06-04T11:39:15+00:00\",\"dateModified\":\"2025-06-04T11:39:17+00:00\",\"mainEntityOfPage\":{\"@id\":\"https:\\\/\\\/canabae.fr\\\/combien-coute-une-prestation-avec-un-photographe-de-reportage-a-lyon\\\/\"},\"wordCount\":1082,\"commentCount\":0,\"publisher\":{\"@id\":\"https:\\\/\\\/canabae.fr\\\/#organization\"},\"image\":{\"@id\":\"https:\\\/\\\/canabae.fr\\\/combien-coute-une-prestation-avec-un-photographe-de-reportage-a-lyon\\\/#primaryimage\"},\"thumbnailUrl\":\"https:\\\/\\\/canabae.fr\\\/wp-content\\\/uploads\\\/2025\\\/06\\\/photographe2.png\",\"articleSection\":[\"Photographe reportage lyon\"],\"inLanguage\":\"en-GB\",\"potentialAction\":[{\"@type\":\"CommentAction\",\"name\":\"Comment\",\"target\":[\"https:\\\/\\\/canabae.fr\\\/combien-coute-une-prestation-avec-un-photographe-de-reportage-a-lyon\\\/#respond\"]}]},{\"@type\":\"WebPage\",\"@id\":\"https:\\\/\\\/canabae.fr\\\/combien-coute-une-prestation-avec-un-photographe-de-reportage-a-lyon\\\/\",\"url\":\"https:\\\/\\\/canabae.fr\\\/combien-coute-une-prestation-avec-un-photographe-de-reportage-a-lyon\\\/\",\"name\":\"Combien co\u00fbte une prestation avec un photographe de reportage \u00e0 Lyon ? | Canabae Studios\",\"isPartOf\":{\"@id\":\"https:\\\/\\\/canabae.fr\\\/#website\"},\"primaryImageOfPage\":{\"@id\":\"https:\\\/\\\/canabae.fr\\\/combien-coute-une-prestation-avec-un-photographe-de-reportage-a-lyon\\\/#primaryimage\"},\"image\":{\"@id\":\"https:\\\/\\\/canabae.fr\\\/combien-coute-une-prestation-avec-un-photographe-de-reportage-a-lyon\\\/#primaryimage\"},\"thumbnailUrl\":\"https:\\\/\\\/canabae.fr\\\/wp-content\\\/uploads\\\/2025\\\/06\\\/photographe2.png\",\"datePublished\":\"2025-06-04T11:39:15+00:00\",\"dateModified\":\"2025-06-04T11:39:17+00:00\",\"description\":\"Le prix d\u2019un photographe de reportage \u00e0 Lyon varie selon de nombreux param\u00e8tres : dur\u00e9e, complexit\u00e9, diffusion des images,\",\"breadcrumb\":{\"@id\":\"https:\\\/\\\/canabae.fr\\\/combien-coute-une-prestation-avec-un-photographe-de-reportage-a-lyon\\\/#breadcrumb\"},\"inLanguage\":\"en-GB\",\"potentialAction\":[{\"@type\":\"ReadAction\",\"target\":[\"https:\\\/\\\/canabae.fr\\\/combien-coute-une-prestation-avec-un-photographe-de-reportage-a-lyon\\\/\"]}]},{\"@type\":\"ImageObject\",\"inLanguage\":\"en-GB\",\"@id\":\"https:\\\/\\\/canabae.fr\\\/combien-coute-une-prestation-avec-un-photographe-de-reportage-a-lyon\\\/#primaryimage\",\"url\":\"https:\\\/\\\/canabae.fr\\\/wp-content\\\/uploads\\\/2025\\\/06\\\/photographe2.png\",\"contentUrl\":\"https:\\\/\\\/canabae.fr\\\/wp-content\\\/uploads\\\/2025\\\/06\\\/photographe2.png\",\"width\":553,\"height\":368,\"caption\":\"photographe de reportage \u00e0 Lyon\"},{\"@type\":\"BreadcrumbList\",\"@id\":\"https:\\\/\\\/canabae.fr\\\/combien-coute-une-prestation-avec-un-photographe-de-reportage-a-lyon\\\/#breadcrumb\",\"itemListElement\":[{\"@type\":\"ListItem\",\"position\":1,\"name\":\"Accueil\",\"item\":\"https:\\\/\\\/canabae.fr\\\/\"},{\"@type\":\"ListItem\",\"position\":2,\"name\":\"Combien co\u00fbte une prestation avec un photographe de reportage \u00e0 Lyon ?\"}]},{\"@type\":\"WebSite\",\"@id\":\"https:\\\/\\\/canabae.fr\\\/#website\",\"url\":\"https:\\\/\\\/canabae.fr\\\/\",\"name\":\"Canabae Studios\",\"description\":\"Vid\u00e9astes et location de studio \u00e0 Lyon\",\"publisher\":{\"@id\":\"https:\\\/\\\/canabae.fr\\\/#organization\"},\"potentialAction\":[{\"@type\":\"SearchAction\",\"target\":{\"@type\":\"EntryPoint\",\"urlTemplate\":\"https:\\\/\\\/canabae.fr\\\/?s={search_term_string}\"},\"query-input\":{\"@type\":\"PropertyValueSpecification\",\"valueRequired\":true,\"valueName\":\"search_term_string\"}}],\"inLanguage\":\"en-GB\"},{\"@type\":\"Organization\",\"@id\":\"https:\\\/\\\/canabae.fr\\\/#organization\",\"name\":\"Canabae - Vid\u00e9astes professionnels Lyon\",\"url\":\"https:\\\/\\\/canabae.fr\\\/\",\"logo\":{\"@type\":\"ImageObject\",\"inLanguage\":\"en-GB\",\"@id\":\"https:\\\/\\\/canabae.fr\\\/#\\\/schema\\\/logo\\\/image\\\/\",\"url\":\"https:\\\/\\\/canabae.fr\\\/wp-content\\\/uploads\\\/2024\\\/11\\\/CANABAE-Icone-Noir.png\",\"contentUrl\":\"https:\\\/\\\/canabae.fr\\\/wp-content\\\/uploads\\\/2024\\\/11\\\/CANABAE-Icone-Noir.png\",\"width\":2644,\"height\":2481,\"caption\":\"Canabae - Vid\u00e9astes professionnels Lyon\"},\"image\":{\"@id\":\"https:\\\/\\\/canabae.fr\\\/#\\\/schema\\\/logo\\\/image\\\/\"},\"sameAs\":[\"https:\\\/\\\/www.facebook.com\\\/canabae.fr\\\/\",\"https:\\\/\\\/www.instagram.com\\\/canabae.studios\\\/\",\"https:\\\/\\\/www.tiktok.com\\\/@canabae.studios\",\"https:\\\/\\\/www.linkedin.com\\\/company\\\/canabae\\\/\"]},{\"@type\":\"Person\",\"@id\":\"https:\\\/\\\/canabae.fr\\\/#\\\/schema\\\/person\\\/e58b8e87e247b8ce3b2fb9b1a8572044\",\"name\":\"gentleview\",\"image\":{\"@type\":\"ImageObject\",\"inLanguage\":\"en-GB\",\"@id\":\"https:\\\/\\\/canabae.fr\\\/wp-content\\\/litespeed\\\/avatar\\\/7778e21f87984950f6367189c0b256f4.jpg?ver=1777472236\",\"url\":\"https:\\\/\\\/canabae.fr\\\/wp-content\\\/litespeed\\\/avatar\\\/7778e21f87984950f6367189c0b256f4.jpg?ver=1777472236\",\"contentUrl\":\"https:\\\/\\\/canabae.fr\\\/wp-content\\\/litespeed\\\/avatar\\\/7778e21f87984950f6367189c0b256f4.jpg?ver=1777472236\",\"caption\":\"gentleview\"}}]}<\/script>\n<!-- \/ Yoast SEO plugin. -->","yoast_head_json":{"title":"Combien co\u00fbte une prestation avec un photographe de reportage \u00e0 Lyon ? | Canabae Studios","description":"Le prix d\u2019un photographe de reportage \u00e0 Lyon varie selon de nombreux param\u00e8tres : dur\u00e9e, complexit\u00e9, diffusion des images,","robots":{"index":"index","follow":"follow","max-snippet":"max-snippet:-1","max-image-preview":"max-image-preview:large","max-video-preview":"max-video-preview:-1"},"canonical":"https:\/\/canabae.fr\/en\/combien-coute-une-prestation-avec-un-photographe-de-reportage-a-lyon\/","og_locale":"en_GB","og_type":"article","og_title":"Combien co\u00fbte une prestation avec un photographe de reportage \u00e0 Lyon ? | Canabae Studios","og_description":"Le prix d\u2019un photographe de reportage \u00e0 Lyon varie selon de nombreux param\u00e8tres : dur\u00e9e, complexit\u00e9, diffusion des images,","og_url":"https:\/\/canabae.fr\/en\/combien-coute-une-prestation-avec-un-photographe-de-reportage-a-lyon\/","og_site_name":"Canabae Studios","article_publisher":"https:\/\/www.facebook.com\/canabae.fr\/","article_published_time":"2025-06-04T11:39:15+00:00","article_modified_time":"2025-06-04T11:39:17+00:00","og_image":[{"width":553,"height":368,"url":"https:\/\/canabae.fr\/wp-content\/uploads\/2025\/06\/photographe2.png","type":"image\/png"}],"author":"gentleview","twitter_card":"summary_large_image","twitter_misc":{"Written by":"gentleview","Estimated reading time":"6 minutes"},"schema":{"@context":"https:\/\/schema.org","@graph":[{"@type":"Article","@id":"https:\/\/canabae.fr\/combien-coute-une-prestation-avec-un-photographe-de-reportage-a-lyon\/#article","isPartOf":{"@id":"https:\/\/canabae.fr\/combien-coute-une-prestation-avec-un-photographe-de-reportage-a-lyon\/"},"author":{"name":"gentleview","@id":"https:\/\/canabae.fr\/#\/schema\/person\/e58b8e87e247b8ce3b2fb9b1a8572044"},"headline":"Combien co\u00fbte une prestation avec un photographe de reportage \u00e0 Lyon ?","datePublished":"2025-06-04T11:39:15+00:00","dateModified":"2025-06-04T11:39:17+00:00","mainEntityOfPage":{"@id":"https:\/\/canabae.fr\/combien-coute-une-prestation-avec-un-photographe-de-reportage-a-lyon\/"},"wordCount":1082,"commentCount":0,"publisher":{"@id":"https:\/\/canabae.fr\/#organization"},"image":{"@id":"https:\/\/canabae.fr\/combien-coute-une-prestation-avec-un-photographe-de-reportage-a-lyon\/#primaryimage"},"thumbnailUrl":"https:\/\/canabae.fr\/wp-content\/uploads\/2025\/06\/photographe2.png","articleSection":["Photographe reportage lyon"],"inLanguage":"en-GB","potentialAction":[{"@type":"CommentAction","name":"Comment","target":["https:\/\/canabae.fr\/combien-coute-une-prestation-avec-un-photographe-de-reportage-a-lyon\/#respond"]}]},{"@type":"WebPage","@id":"https:\/\/canabae.fr\/combien-coute-une-prestation-avec-un-photographe-de-reportage-a-lyon\/","url":"https:\/\/canabae.fr\/combien-coute-une-prestation-avec-un-photographe-de-reportage-a-lyon\/","name":"Combien co\u00fbte une prestation avec un photographe de reportage \u00e0 Lyon ? | Canabae Studios","isPartOf":{"@id":"https:\/\/canabae.fr\/#website"},"primaryImageOfPage":{"@id":"https:\/\/canabae.fr\/combien-coute-une-prestation-avec-un-photographe-de-reportage-a-lyon\/#primaryimage"},"image":{"@id":"https:\/\/canabae.fr\/combien-coute-une-prestation-avec-un-photographe-de-reportage-a-lyon\/#primaryimage"},"thumbnailUrl":"https:\/\/canabae.fr\/wp-content\/uploads\/2025\/06\/photographe2.png","datePublished":"2025-06-04T11:39:15+00:00","dateModified":"2025-06-04T11:39:17+00:00","description":"Le prix d\u2019un photographe de reportage \u00e0 Lyon varie selon de nombreux param\u00e8tres : dur\u00e9e, complexit\u00e9, diffusion des images,","breadcrumb":{"@id":"https:\/\/canabae.fr\/combien-coute-une-prestation-avec-un-photographe-de-reportage-a-lyon\/#breadcrumb"},"inLanguage":"en-GB","potentialAction":[{"@type":"ReadAction","target":["https:\/\/canabae.fr\/combien-coute-une-prestation-avec-un-photographe-de-reportage-a-lyon\/"]}]},{"@type":"ImageObject","inLanguage":"en-GB","@id":"https:\/\/canabae.fr\/combien-coute-une-prestation-avec-un-photographe-de-reportage-a-lyon\/#primaryimage","url":"https:\/\/canabae.fr\/wp-content\/uploads\/2025\/06\/photographe2.png","contentUrl":"https:\/\/canabae.fr\/wp-content\/uploads\/2025\/06\/photographe2.png","width":553,"height":368,"caption":"photographe de reportage \u00e0 Lyon"},{"@type":"BreadcrumbList","@id":"https:\/\/canabae.fr\/combien-coute-une-prestation-avec-un-photographe-de-reportage-a-lyon\/#breadcrumb","itemListElement":[{"@type":"ListItem","position":1,"name":"Accueil","item":"https:\/\/canabae.fr\/"},{"@type":"ListItem","position":2,"name":"Combien co\u00fbte une prestation avec un photographe de reportage \u00e0 Lyon ?"}]},{"@type":"WebSite","@id":"https:\/\/canabae.fr\/#website","url":"https:\/\/canabae.fr\/","name":"Canabae Studios","description":"Videographers and studio rental in Lyon","publisher":{"@id":"https:\/\/canabae.fr\/#organization"},"potentialAction":[{"@type":"SearchAction","target":{"@type":"EntryPoint","urlTemplate":"https:\/\/canabae.fr\/?s={search_term_string}"},"query-input":{"@type":"PropertyValueSpecification","valueRequired":true,"valueName":"search_term_string"}}],"inLanguage":"en-GB"},{"@type":"Organization","@id":"https:\/\/canabae.fr\/#organization","name":"Canabae - Professional Videographers Lyon","url":"https:\/\/canabae.fr\/","logo":{"@type":"ImageObject","inLanguage":"en-GB","@id":"https:\/\/canabae.fr\/#\/schema\/logo\/image\/","url":"https:\/\/canabae.fr\/wp-content\/uploads\/2024\/11\/CANABAE-Icone-Noir.png","contentUrl":"https:\/\/canabae.fr\/wp-content\/uploads\/2024\/11\/CANABAE-Icone-Noir.png","width":2644,"height":2481,"caption":"Canabae - Vid\u00e9astes professionnels Lyon"},"image":{"@id":"https:\/\/canabae.fr\/#\/schema\/logo\/image\/"},"sameAs":["https:\/\/www.facebook.com\/canabae.fr\/","https:\/\/www.instagram.com\/canabae.studios\/","https:\/\/www.tiktok.com\/@canabae.studios","https:\/\/www.linkedin.com\/company\/canabae\/"]},{"@type":"Person","@id":"https:\/\/canabae.fr\/#\/schema\/person\/e58b8e87e247b8ce3b2fb9b1a8572044","name":"gentle view","image":{"@type":"ImageObject","inLanguage":"en-GB","@id":"https:\/\/canabae.fr\/wp-content\/litespeed\/avatar\/7778e21f87984950f6367189c0b256f4.jpg?ver=1777472236","url":"https:\/\/canabae.fr\/wp-content\/litespeed\/avatar\/7778e21f87984950f6367189c0b256f4.jpg?ver=1777472236","contentUrl":"https:\/\/canabae.fr\/wp-content\/litespeed\/avatar\/7778e21f87984950f6367189c0b256f4.jpg?ver=1777472236","caption":"gentleview"}}]}},"_links":{"self":[{"href":"https:\/\/canabae.fr\/en\/wp-json\/wp\/v2\/posts\/16568","targetHints":{"allow":["GET"]}}],"collection":[{"href":"https:\/\/canabae.fr\/en\/wp-json\/wp\/v2\/posts"}],"about":[{"href":"https:\/\/canabae.fr\/en\/wp-json\/wp\/v2\/types\/post"}],"author":[{"embeddable":true,"href":"https:\/\/canabae.fr\/en\/wp-json\/wp\/v2\/users\/2"}],"replies":[{"embeddable":true,"href":"https:\/\/canabae.fr\/en\/wp-json\/wp\/v2\/comments?post=16568"}],"version-history":[{"count":1,"href":"https:\/\/canabae.fr\/en\/wp-json\/wp\/v2\/posts\/16568\/revisions"}],"predecessor-version":[{"id":16578,"href":"https:\/\/canabae.fr\/en\/wp-json\/wp\/v2\/posts\/16568\/revisions\/16578"}],"wp:featuredmedia":[{"embeddable":true,"href":"https:\/\/canabae.fr\/en\/wp-json\/wp\/v2\/media\/16573"}],"wp:attachment":[{"href":"https:\/\/canabae.fr\/en\/wp-json\/wp\/v2\/media?parent=16568"}],"wp:term":[{"taxonomy":"category","embeddable":true,"href":"https:\/\/canabae.fr\/en\/wp-json\/wp\/v2\/categories?post=16568"},{"taxonomy":"post_tag","embeddable":true,"href":"https:\/\/canabae.fr\/en\/wp-json\/wp\/v2\/tags?post=16568"}],"curies":[{"name":"wp","href":"https:\/\/api.w.org\/{rel}","templated":true}]}}