{"id":16569,"date":"2025-06-04T11:41:10","date_gmt":"2025-06-04T11:41:10","guid":{"rendered":"https:\/\/canabae.fr\/?p=16569"},"modified":"2025-07-02T09:42:39","modified_gmt":"2025-07-02T09:42:39","slug":"photographe-de-reportage-a-lyon-peut-il-couvrir-un-evenement-dentreprise","status":"publish","type":"post","link":"https:\/\/canabae.fr\/en\/photographe-de-reportage-a-lyon-peut-il-couvrir-un-evenement-dentreprise\/","title":{"rendered":"Reportage photographer in Lyon: can he cover a corporate event?"},"content":{"rendered":"<h2 class=\"wp-block-heading\"><strong>Why call on a <em>reportage photographer in Lyon<\/em> for a corporate event?<\/strong><\/h2>\n\n\n\n<p>Organizing a corporate event\u2014a seminar, product launch, or annual event\u2014represents a strategic moment for internal and external communication. Therefore, calling on a <strong>reportage photographer in Lyon<\/strong> is not a luxury, but a real lever for promotion. Indeed, a professional reporter will be able to capture the essence of the moment, the atmosphere, the interactions, and visually transcribe the highlights. Unlike standard photo coverage, the report tells a coherent story, with a fluid visual narrative.<\/p>\n\n\n\n<p>In a corporate setting, this allows you to create a living memory of the event, useful for HR communications, websites, or social media. In addition, the images can be reused for commercial or institutional purposes, while respecting your brand&#039;s codes.<\/p>\n\n\n\n<h2 class=\"wp-block-heading\"><strong>What types of corporate events can a photographer cover?<\/strong><\/h2>\n\n\n\n<p>A <a href=\"https:\/\/canabae.fr\/photographe-reportage-lyon\/\"><strong>reportage photographer in Lyon<\/strong> <\/a>can intervene at a wide variety of professional events. Each type of event has its codes, its key moments, and requires a specific approach. Here are the main scenarios:<\/p>\n\n\n\n<ul class=\"wp-block-list\">\n<li><strong>Seminars and team building<\/strong> : highlighting team cohesion.<\/li>\n\n\n\n<li><strong>Conferences and round tables<\/strong> : recording of speakers, audience reactions, logistical details.<\/li>\n\n\n\n<li><strong>Product launches<\/strong> : focus on details, participants&#039; emotions, marketing highlights.<\/li>\n\n\n\n<li><strong>Company evenings<\/strong> : friendly atmosphere, speeches, festive moments.<\/li>\n<\/ul>\n\n\n\n<p>Corporate reporting adapts to the challenges of each event: internal communication, external promotion, HR testimonials, etc. An experienced photographer knows how to anticipate these needs to offer a result that meets professional expectations.<\/p>\n\n\n\n<h2 class=\"wp-block-heading\"><strong>How to choose the right professional for your corporate report in Lyon?<\/strong><\/h2>\n\n\n\n<p>Here is a simple grid to select a <strong>reportage photographer in Lyon<\/strong> relevant to your business:<\/p>\n\n\n\n<figure class=\"wp-block-table\"><table class=\"has-fixed-layout\"><thead><tr><th>Criteria<\/th><th>Why it matters<\/th><th>To be checked<\/th><\/tr><\/thead><tbody><tr><td>Event experience<\/td><td>To anticipate unforeseen events and understand professional dynamics<\/td><td>Portfolio, client references<\/td><\/tr><tr><td>Documentary style<\/td><td>Capturing authentic moments, without posing<\/td><td>Gallery of previous events<\/td><\/tr><tr><td>Discretion and adaptability<\/td><td>Be present without disturbing participants<\/td><td>Customer Testimonials<\/td><\/tr><tr><td>Fast delivery of images<\/td><td>Required for post-event publications<\/td><td>Announced deadlines<\/td><\/tr><\/tbody><\/table><\/figure>\n\n\n\n<p>For example, photographers like those from the Canabae team in Lyon have extensive field experience and know how to adapt to each professional context without ever sacrificing quality or discretion.<\/p>\n\n\n\n<h2 class=\"wp-block-heading\"><strong>What are the benefits for your business?<\/strong><\/h2>\n\n\n\n<p>Invest in a <strong>reportage photographer in Lyon<\/strong> for a corporate event offers concrete benefits. Here are some tangible benefits:<\/p>\n\n\n\n<ol class=\"wp-block-list\">\n<li><strong>Strengthen the brand image<\/strong> : professional visuals reflect the company&#039;s culture and professionalism.<\/li>\n\n\n\n<li><strong>Create quality content<\/strong> : for social media, newsletter, website or annual reports.<\/li>\n\n\n\n<li><strong>Valuing employees<\/strong> : highlight teams, interactions, human dynamics.<\/li>\n\n\n\n<li><strong>Mark the highlights<\/strong> : keep a living record of the key moments in the life of the company.<\/li>\n<\/ol>\n\n\n\n<p>Moreover, a well-produced report can be recycled in different formats (video, Instagram carousel, internal slideshow), which makes it a strategic investment, not just an aesthetic one.<\/p>\n\n\n\n<h2 class=\"wp-block-heading\"><strong>How much does a photo report service cost in Lyon?<\/strong><\/h2>\n\n\n\n<p>The rates of a <strong>reportage photographer in Lyon<\/strong> vary according to several criteria:<\/p>\n\n\n\n<ul class=\"wp-block-list\">\n<li><strong>Duration of the mission<\/strong> (a few hours, a whole day, several days)<\/li>\n\n\n\n<li><strong>Number of photos delivered<\/strong><\/li>\n\n\n\n<li><strong>Post-processing level<\/strong><\/li>\n\n\n\n<li><strong>Delivery urgency<\/strong><\/li>\n<\/ul>\n\n\n\n<p>For information:<\/p>\n\n\n\n<figure class=\"wp-block-table\"><table class=\"has-fixed-layout\"><thead><tr><th>Benefit<\/th><th>Duration<\/th><th>Average price<\/th><\/tr><\/thead><tbody><tr><td>Mini event report<\/td><td>2-3 hours<\/td><td>300 \u2013 500 \u20ac<\/td><\/tr><tr><td>Full day report<\/td><td>6-8h<\/td><td>700 \u2013 1,200 \u20ac<\/td><\/tr><tr><td>Pack with advanced retouching<\/td><td>Variable<\/td><td>On quote<\/td><\/tr><\/tbody><\/table><\/figure>\n\n\n\n<p>It&#039;s therefore essential to clearly define your needs from the outset. Professionals like those found at Canabae often offer flexible packages based on specific expectations and constraints.<\/p>\n\n\n\n<h2 class=\"wp-block-heading\"><strong>What a professional photographer will actually bring you<\/strong><\/h2>\n\n\n\n<p>Unlike an amateur photographer or a colleague equipped with a smartphone, a <strong>reportage photographer in Lyon<\/strong> guarantees you:<\/p>\n\n\n\n<ul class=\"wp-block-list\">\n<li>A <strong>consistent image quality<\/strong> (even in difficult conditions)<\/li>\n\n\n\n<li>A <strong>narrative rendering<\/strong> : your images tell a story<\/li>\n\n\n\n<li>A <strong>mastery of light and composition<\/strong><\/li>\n\n\n\n<li>THE <strong>respect for confidentiality and image rights<\/strong><\/li>\n<\/ul>\n\n\n\n<p>It&#039;s this professionalism that makes all the difference. For an important event, every visual detail counts: the lighting, a speaker&#039;s expression, the spontaneity of a discussion... These are all moments that only a trained eye can accurately capture.<\/p>\n\n\n\n<h2 class=\"wp-block-heading\"><strong>Conclusion: yes, a reportage photographer in Lyon can \u2014 and must \u2014 work in a company<\/strong><\/h2>\n\n\n\n<p>In conclusion, call on a <strong>reportage photographer in Lyon<\/strong> Covering a corporate event is a great idea. Not only does it allow you to immortalize key moments, but it also strengthens your communication in an authentic and professional manner. Photojournalism bridges the gap between the event and the public image you want to convey.<\/p>\n\n\n\n<p>\ud83d\udc49 <strong>Need advice or a quote for your next event? Contact a local professional now for a customized service.<\/strong><\/p>\n\n\n\n<p>You can view a similar article by clicking on this link: <a class=\"\" href=\"https:\/\/sanabil.fr\/quels-sont-les-styles-de-traitement-dimage-proposes-par-un-photographe-de-reportage-a-lyon\/business\/\"><strong>reportage photographer in Lyon<\/strong><\/a><\/p>\n\n\n\n<hr class=\"wp-block-separator has-alpha-channel-opacity\"\/>\n\n\n\n<h2 class=\"wp-block-heading\"><strong>FAQ: Reportage photographer in Lyon for businesses<\/strong><\/h2>\n\n\n\n<p><strong>1. What is the average delivery time for photos after an event?<\/strong><br>Generally, a <strong>reportage photographer in Lyon<\/strong> Delivers photos between 3 and 7 days after the event. Shorter delivery times are available with an urgent option.<\/p>\n\n\n\n<p><strong>2. Can the photos be used freely by the company?<\/strong><br>Yes, but it depends on the contract. You should check the terms of the transfer of rights. A professional will provide you with a clear document on this point.<\/p>\n\n\n\n<p><strong>3. Can we request a particular processing style (black and white, vintage, etc.)?<\/strong><br>Absolutely. The editing style is part of the initial brief. Some photographers, like those at Canabae, adapt their editing to the style of your visual communication.<\/p>","protected":false},"excerpt":{"rendered":"<p>Pourquoi faire appel \u00e0 un photographe de reportage \u00e0 Lyon pour un \u00e9v\u00e9nement d\u2019entreprise ? Organiser un \u00e9v\u00e9nement d\u2019entreprise \u2014 s\u00e9minaire, lancement de produit, soir\u00e9e annuelle \u2014 repr\u00e9sente un moment strat\u00e9gique pour la communication interne et externe. D\u00e8s lors, faire [&hellip;]<\/p>\n","protected":false},"author":2,"featured_media":13047,"comment_status":"open","ping_status":"open","sticky":false,"template":"","format":"standard","meta":{"footnotes":""},"categories":[38],"tags":[],"class_list":["post-16569","post","type-post","status-publish","format-standard","has-post-thumbnail","hentry","category-photographe-reportage-lyon"],"yoast_head":"<!-- This site is optimized with the Yoast SEO plugin v27.4 - https:\/\/yoast.com\/product\/yoast-seo-wordpress\/ -->\n<title>Photographe de reportage \u00e0 Lyon : peut-il couvrir un \u00e9v\u00e9nement d\u2019entreprise ? | Canabae Studios<\/title>\n<meta name=\"description\" content=\"D\u00e8s lors, faire appel \u00e0 un photographe de reportage \u00e0 Lyon n\u2019est pas un luxe, mais un v\u00e9ritable levier de valorisation.\" \/>\n<meta name=\"robots\" content=\"index, follow, max-snippet:-1, max-image-preview:large, max-video-preview:-1\" \/>\n<link rel=\"canonical\" href=\"https:\/\/canabae.fr\/en\/photographe-de-reportage-a-lyon-peut-il-couvrir-un-evenement-dentreprise\/\" \/>\n<meta property=\"og:locale\" content=\"en_GB\" \/>\n<meta property=\"og:type\" content=\"article\" \/>\n<meta property=\"og:title\" content=\"Photographe de reportage \u00e0 Lyon : peut-il couvrir un \u00e9v\u00e9nement d\u2019entreprise ? | Canabae Studios\" \/>\n<meta property=\"og:description\" content=\"D\u00e8s lors, faire appel \u00e0 un photographe de reportage \u00e0 Lyon n\u2019est pas un luxe, mais un v\u00e9ritable levier de valorisation.\" \/>\n<meta property=\"og:url\" content=\"https:\/\/canabae.fr\/en\/photographe-de-reportage-a-lyon-peut-il-couvrir-un-evenement-dentreprise\/\" \/>\n<meta property=\"og:site_name\" content=\"Canabae Studios\" \/>\n<meta property=\"article:publisher\" content=\"https:\/\/www.facebook.com\/canabae.fr\/\" \/>\n<meta property=\"article:published_time\" content=\"2025-06-04T11:41:10+00:00\" \/>\n<meta property=\"article:modified_time\" content=\"2025-07-02T09:42:39+00:00\" \/>\n<meta property=\"og:image\" content=\"https:\/\/canabae.fr\/wp-content\/uploads\/2025\/01\/25-01bonussogelink-Canabae-20-min.jpg\" \/>\n\t<meta property=\"og:image:width\" content=\"2300\" \/>\n\t<meta property=\"og:image:height\" content=\"1536\" \/>\n\t<meta property=\"og:image:type\" content=\"image\/jpeg\" \/>\n<meta name=\"author\" content=\"gentleview\" \/>\n<meta name=\"twitter:card\" content=\"summary_large_image\" \/>\n<meta name=\"twitter:label1\" content=\"Written by\" \/>\n\t<meta name=\"twitter:data1\" content=\"gentleview\" \/>\n\t<meta name=\"twitter:label2\" content=\"Estimated reading time\" \/>\n\t<meta name=\"twitter:data2\" content=\"5 minutes\" \/>\n<script type=\"application\/ld+json\" class=\"yoast-schema-graph\">{\"@context\":\"https:\\\/\\\/schema.org\",\"@graph\":[{\"@type\":\"Article\",\"@id\":\"https:\\\/\\\/canabae.fr\\\/photographe-de-reportage-a-lyon-peut-il-couvrir-un-evenement-dentreprise\\\/#article\",\"isPartOf\":{\"@id\":\"https:\\\/\\\/canabae.fr\\\/photographe-de-reportage-a-lyon-peut-il-couvrir-un-evenement-dentreprise\\\/\"},\"author\":{\"name\":\"gentleview\",\"@id\":\"https:\\\/\\\/canabae.fr\\\/#\\\/schema\\\/person\\\/e58b8e87e247b8ce3b2fb9b1a8572044\"},\"headline\":\"Photographe de reportage \u00e0 Lyon : peut-il couvrir un \u00e9v\u00e9nement d\u2019entreprise ?\",\"datePublished\":\"2025-06-04T11:41:10+00:00\",\"dateModified\":\"2025-07-02T09:42:39+00:00\",\"mainEntityOfPage\":{\"@id\":\"https:\\\/\\\/canabae.fr\\\/photographe-de-reportage-a-lyon-peut-il-couvrir-un-evenement-dentreprise\\\/\"},\"wordCount\":1039,\"commentCount\":0,\"publisher\":{\"@id\":\"https:\\\/\\\/canabae.fr\\\/#organization\"},\"image\":{\"@id\":\"https:\\\/\\\/canabae.fr\\\/photographe-de-reportage-a-lyon-peut-il-couvrir-un-evenement-dentreprise\\\/#primaryimage\"},\"thumbnailUrl\":\"https:\\\/\\\/canabae.fr\\\/wp-content\\\/uploads\\\/2025\\\/01\\\/25-01bonussogelink-Canabae-20-min.jpg\",\"articleSection\":[\"Photographe reportage lyon\"],\"inLanguage\":\"en-GB\",\"potentialAction\":[{\"@type\":\"CommentAction\",\"name\":\"Comment\",\"target\":[\"https:\\\/\\\/canabae.fr\\\/photographe-de-reportage-a-lyon-peut-il-couvrir-un-evenement-dentreprise\\\/#respond\"]}]},{\"@type\":\"WebPage\",\"@id\":\"https:\\\/\\\/canabae.fr\\\/photographe-de-reportage-a-lyon-peut-il-couvrir-un-evenement-dentreprise\\\/\",\"url\":\"https:\\\/\\\/canabae.fr\\\/photographe-de-reportage-a-lyon-peut-il-couvrir-un-evenement-dentreprise\\\/\",\"name\":\"Photographe de reportage \u00e0 Lyon : peut-il couvrir un \u00e9v\u00e9nement d\u2019entreprise ? | Canabae Studios\",\"isPartOf\":{\"@id\":\"https:\\\/\\\/canabae.fr\\\/#website\"},\"primaryImageOfPage\":{\"@id\":\"https:\\\/\\\/canabae.fr\\\/photographe-de-reportage-a-lyon-peut-il-couvrir-un-evenement-dentreprise\\\/#primaryimage\"},\"image\":{\"@id\":\"https:\\\/\\\/canabae.fr\\\/photographe-de-reportage-a-lyon-peut-il-couvrir-un-evenement-dentreprise\\\/#primaryimage\"},\"thumbnailUrl\":\"https:\\\/\\\/canabae.fr\\\/wp-content\\\/uploads\\\/2025\\\/01\\\/25-01bonussogelink-Canabae-20-min.jpg\",\"datePublished\":\"2025-06-04T11:41:10+00:00\",\"dateModified\":\"2025-07-02T09:42:39+00:00\",\"description\":\"D\u00e8s lors, faire appel \u00e0 un photographe de reportage \u00e0 Lyon n\u2019est pas un luxe, mais un v\u00e9ritable levier de valorisation.\",\"breadcrumb\":{\"@id\":\"https:\\\/\\\/canabae.fr\\\/photographe-de-reportage-a-lyon-peut-il-couvrir-un-evenement-dentreprise\\\/#breadcrumb\"},\"inLanguage\":\"en-GB\",\"potentialAction\":[{\"@type\":\"ReadAction\",\"target\":[\"https:\\\/\\\/canabae.fr\\\/photographe-de-reportage-a-lyon-peut-il-couvrir-un-evenement-dentreprise\\\/\"]}]},{\"@type\":\"ImageObject\",\"inLanguage\":\"en-GB\",\"@id\":\"https:\\\/\\\/canabae.fr\\\/photographe-de-reportage-a-lyon-peut-il-couvrir-un-evenement-dentreprise\\\/#primaryimage\",\"url\":\"https:\\\/\\\/canabae.fr\\\/wp-content\\\/uploads\\\/2025\\\/01\\\/25-01bonussogelink-Canabae-20-min.jpg\",\"contentUrl\":\"https:\\\/\\\/canabae.fr\\\/wp-content\\\/uploads\\\/2025\\\/01\\\/25-01bonussogelink-Canabae-20-min.jpg\",\"width\":2300,\"height\":1536},{\"@type\":\"BreadcrumbList\",\"@id\":\"https:\\\/\\\/canabae.fr\\\/photographe-de-reportage-a-lyon-peut-il-couvrir-un-evenement-dentreprise\\\/#breadcrumb\",\"itemListElement\":[{\"@type\":\"ListItem\",\"position\":1,\"name\":\"Accueil\",\"item\":\"https:\\\/\\\/canabae.fr\\\/\"},{\"@type\":\"ListItem\",\"position\":2,\"name\":\"Photographe de reportage \u00e0 Lyon : peut-il couvrir un \u00e9v\u00e9nement d\u2019entreprise ?\"}]},{\"@type\":\"WebSite\",\"@id\":\"https:\\\/\\\/canabae.fr\\\/#website\",\"url\":\"https:\\\/\\\/canabae.fr\\\/\",\"name\":\"Canabae Studios\",\"description\":\"Vid\u00e9astes et location de studio \u00e0 Lyon\",\"publisher\":{\"@id\":\"https:\\\/\\\/canabae.fr\\\/#organization\"},\"potentialAction\":[{\"@type\":\"SearchAction\",\"target\":{\"@type\":\"EntryPoint\",\"urlTemplate\":\"https:\\\/\\\/canabae.fr\\\/?s={search_term_string}\"},\"query-input\":{\"@type\":\"PropertyValueSpecification\",\"valueRequired\":true,\"valueName\":\"search_term_string\"}}],\"inLanguage\":\"en-GB\"},{\"@type\":\"Organization\",\"@id\":\"https:\\\/\\\/canabae.fr\\\/#organization\",\"name\":\"Canabae - Vid\u00e9astes professionnels Lyon\",\"url\":\"https:\\\/\\\/canabae.fr\\\/\",\"logo\":{\"@type\":\"ImageObject\",\"inLanguage\":\"en-GB\",\"@id\":\"https:\\\/\\\/canabae.fr\\\/#\\\/schema\\\/logo\\\/image\\\/\",\"url\":\"https:\\\/\\\/canabae.fr\\\/wp-content\\\/uploads\\\/2024\\\/11\\\/CANABAE-Icone-Noir.png\",\"contentUrl\":\"https:\\\/\\\/canabae.fr\\\/wp-content\\\/uploads\\\/2024\\\/11\\\/CANABAE-Icone-Noir.png\",\"width\":2644,\"height\":2481,\"caption\":\"Canabae - Vid\u00e9astes professionnels Lyon\"},\"image\":{\"@id\":\"https:\\\/\\\/canabae.fr\\\/#\\\/schema\\\/logo\\\/image\\\/\"},\"sameAs\":[\"https:\\\/\\\/www.facebook.com\\\/canabae.fr\\\/\",\"https:\\\/\\\/www.instagram.com\\\/canabae.studios\\\/\",\"https:\\\/\\\/www.tiktok.com\\\/@canabae.studios\",\"https:\\\/\\\/www.linkedin.com\\\/company\\\/canabae\\\/\"]},{\"@type\":\"Person\",\"@id\":\"https:\\\/\\\/canabae.fr\\\/#\\\/schema\\\/person\\\/e58b8e87e247b8ce3b2fb9b1a8572044\",\"name\":\"gentleview\",\"image\":{\"@type\":\"ImageObject\",\"inLanguage\":\"en-GB\",\"@id\":\"https:\\\/\\\/canabae.fr\\\/wp-content\\\/litespeed\\\/avatar\\\/7778e21f87984950f6367189c0b256f4.jpg?ver=1777472236\",\"url\":\"https:\\\/\\\/canabae.fr\\\/wp-content\\\/litespeed\\\/avatar\\\/7778e21f87984950f6367189c0b256f4.jpg?ver=1777472236\",\"contentUrl\":\"https:\\\/\\\/canabae.fr\\\/wp-content\\\/litespeed\\\/avatar\\\/7778e21f87984950f6367189c0b256f4.jpg?ver=1777472236\",\"caption\":\"gentleview\"}}]}<\/script>\n<!-- \/ Yoast SEO plugin. -->","yoast_head_json":{"title":"Photographe de reportage \u00e0 Lyon : peut-il couvrir un \u00e9v\u00e9nement d\u2019entreprise ? | Canabae Studios","description":"D\u00e8s lors, faire appel \u00e0 un photographe de reportage \u00e0 Lyon n\u2019est pas un luxe, mais un v\u00e9ritable levier de valorisation.","robots":{"index":"index","follow":"follow","max-snippet":"max-snippet:-1","max-image-preview":"max-image-preview:large","max-video-preview":"max-video-preview:-1"},"canonical":"https:\/\/canabae.fr\/en\/photographe-de-reportage-a-lyon-peut-il-couvrir-un-evenement-dentreprise\/","og_locale":"en_GB","og_type":"article","og_title":"Photographe de reportage \u00e0 Lyon : peut-il couvrir un \u00e9v\u00e9nement d\u2019entreprise ? | Canabae Studios","og_description":"D\u00e8s lors, faire appel \u00e0 un photographe de reportage \u00e0 Lyon n\u2019est pas un luxe, mais un v\u00e9ritable levier de valorisation.","og_url":"https:\/\/canabae.fr\/en\/photographe-de-reportage-a-lyon-peut-il-couvrir-un-evenement-dentreprise\/","og_site_name":"Canabae Studios","article_publisher":"https:\/\/www.facebook.com\/canabae.fr\/","article_published_time":"2025-06-04T11:41:10+00:00","article_modified_time":"2025-07-02T09:42:39+00:00","og_image":[{"width":2300,"height":1536,"url":"https:\/\/canabae.fr\/wp-content\/uploads\/2025\/01\/25-01bonussogelink-Canabae-20-min.jpg","type":"image\/jpeg"}],"author":"gentleview","twitter_card":"summary_large_image","twitter_misc":{"Written by":"gentleview","Estimated reading time":"5 minutes"},"schema":{"@context":"https:\/\/schema.org","@graph":[{"@type":"Article","@id":"https:\/\/canabae.fr\/photographe-de-reportage-a-lyon-peut-il-couvrir-un-evenement-dentreprise\/#article","isPartOf":{"@id":"https:\/\/canabae.fr\/photographe-de-reportage-a-lyon-peut-il-couvrir-un-evenement-dentreprise\/"},"author":{"name":"gentleview","@id":"https:\/\/canabae.fr\/#\/schema\/person\/e58b8e87e247b8ce3b2fb9b1a8572044"},"headline":"Photographe de reportage \u00e0 Lyon : peut-il couvrir un \u00e9v\u00e9nement d\u2019entreprise ?","datePublished":"2025-06-04T11:41:10+00:00","dateModified":"2025-07-02T09:42:39+00:00","mainEntityOfPage":{"@id":"https:\/\/canabae.fr\/photographe-de-reportage-a-lyon-peut-il-couvrir-un-evenement-dentreprise\/"},"wordCount":1039,"commentCount":0,"publisher":{"@id":"https:\/\/canabae.fr\/#organization"},"image":{"@id":"https:\/\/canabae.fr\/photographe-de-reportage-a-lyon-peut-il-couvrir-un-evenement-dentreprise\/#primaryimage"},"thumbnailUrl":"https:\/\/canabae.fr\/wp-content\/uploads\/2025\/01\/25-01bonussogelink-Canabae-20-min.jpg","articleSection":["Photographe reportage lyon"],"inLanguage":"en-GB","potentialAction":[{"@type":"CommentAction","name":"Comment","target":["https:\/\/canabae.fr\/photographe-de-reportage-a-lyon-peut-il-couvrir-un-evenement-dentreprise\/#respond"]}]},{"@type":"WebPage","@id":"https:\/\/canabae.fr\/photographe-de-reportage-a-lyon-peut-il-couvrir-un-evenement-dentreprise\/","url":"https:\/\/canabae.fr\/photographe-de-reportage-a-lyon-peut-il-couvrir-un-evenement-dentreprise\/","name":"Photographe de reportage \u00e0 Lyon : peut-il couvrir un \u00e9v\u00e9nement d\u2019entreprise ? | Canabae Studios","isPartOf":{"@id":"https:\/\/canabae.fr\/#website"},"primaryImageOfPage":{"@id":"https:\/\/canabae.fr\/photographe-de-reportage-a-lyon-peut-il-couvrir-un-evenement-dentreprise\/#primaryimage"},"image":{"@id":"https:\/\/canabae.fr\/photographe-de-reportage-a-lyon-peut-il-couvrir-un-evenement-dentreprise\/#primaryimage"},"thumbnailUrl":"https:\/\/canabae.fr\/wp-content\/uploads\/2025\/01\/25-01bonussogelink-Canabae-20-min.jpg","datePublished":"2025-06-04T11:41:10+00:00","dateModified":"2025-07-02T09:42:39+00:00","description":"D\u00e8s lors, faire appel \u00e0 un photographe de reportage \u00e0 Lyon n\u2019est pas un luxe, mais un v\u00e9ritable levier de valorisation.","breadcrumb":{"@id":"https:\/\/canabae.fr\/photographe-de-reportage-a-lyon-peut-il-couvrir-un-evenement-dentreprise\/#breadcrumb"},"inLanguage":"en-GB","potentialAction":[{"@type":"ReadAction","target":["https:\/\/canabae.fr\/photographe-de-reportage-a-lyon-peut-il-couvrir-un-evenement-dentreprise\/"]}]},{"@type":"ImageObject","inLanguage":"en-GB","@id":"https:\/\/canabae.fr\/photographe-de-reportage-a-lyon-peut-il-couvrir-un-evenement-dentreprise\/#primaryimage","url":"https:\/\/canabae.fr\/wp-content\/uploads\/2025\/01\/25-01bonussogelink-Canabae-20-min.jpg","contentUrl":"https:\/\/canabae.fr\/wp-content\/uploads\/2025\/01\/25-01bonussogelink-Canabae-20-min.jpg","width":2300,"height":1536},{"@type":"BreadcrumbList","@id":"https:\/\/canabae.fr\/photographe-de-reportage-a-lyon-peut-il-couvrir-un-evenement-dentreprise\/#breadcrumb","itemListElement":[{"@type":"ListItem","position":1,"name":"Accueil","item":"https:\/\/canabae.fr\/"},{"@type":"ListItem","position":2,"name":"Photographe de reportage \u00e0 Lyon : peut-il couvrir un \u00e9v\u00e9nement d\u2019entreprise ?"}]},{"@type":"WebSite","@id":"https:\/\/canabae.fr\/#website","url":"https:\/\/canabae.fr\/","name":"Canabae Studios","description":"Videographers and studio rental in Lyon","publisher":{"@id":"https:\/\/canabae.fr\/#organization"},"potentialAction":[{"@type":"SearchAction","target":{"@type":"EntryPoint","urlTemplate":"https:\/\/canabae.fr\/?s={search_term_string}"},"query-input":{"@type":"PropertyValueSpecification","valueRequired":true,"valueName":"search_term_string"}}],"inLanguage":"en-GB"},{"@type":"Organization","@id":"https:\/\/canabae.fr\/#organization","name":"Canabae - Professional Videographers Lyon","url":"https:\/\/canabae.fr\/","logo":{"@type":"ImageObject","inLanguage":"en-GB","@id":"https:\/\/canabae.fr\/#\/schema\/logo\/image\/","url":"https:\/\/canabae.fr\/wp-content\/uploads\/2024\/11\/CANABAE-Icone-Noir.png","contentUrl":"https:\/\/canabae.fr\/wp-content\/uploads\/2024\/11\/CANABAE-Icone-Noir.png","width":2644,"height":2481,"caption":"Canabae - Vid\u00e9astes professionnels Lyon"},"image":{"@id":"https:\/\/canabae.fr\/#\/schema\/logo\/image\/"},"sameAs":["https:\/\/www.facebook.com\/canabae.fr\/","https:\/\/www.instagram.com\/canabae.studios\/","https:\/\/www.tiktok.com\/@canabae.studios","https:\/\/www.linkedin.com\/company\/canabae\/"]},{"@type":"Person","@id":"https:\/\/canabae.fr\/#\/schema\/person\/e58b8e87e247b8ce3b2fb9b1a8572044","name":"gentle view","image":{"@type":"ImageObject","inLanguage":"en-GB","@id":"https:\/\/canabae.fr\/wp-content\/litespeed\/avatar\/7778e21f87984950f6367189c0b256f4.jpg?ver=1777472236","url":"https:\/\/canabae.fr\/wp-content\/litespeed\/avatar\/7778e21f87984950f6367189c0b256f4.jpg?ver=1777472236","contentUrl":"https:\/\/canabae.fr\/wp-content\/litespeed\/avatar\/7778e21f87984950f6367189c0b256f4.jpg?ver=1777472236","caption":"gentleview"}}]}},"_links":{"self":[{"href":"https:\/\/canabae.fr\/en\/wp-json\/wp\/v2\/posts\/16569","targetHints":{"allow":["GET"]}}],"collection":[{"href":"https:\/\/canabae.fr\/en\/wp-json\/wp\/v2\/posts"}],"about":[{"href":"https:\/\/canabae.fr\/en\/wp-json\/wp\/v2\/types\/post"}],"author":[{"embeddable":true,"href":"https:\/\/canabae.fr\/en\/wp-json\/wp\/v2\/users\/2"}],"replies":[{"embeddable":true,"href":"https:\/\/canabae.fr\/en\/wp-json\/wp\/v2\/comments?post=16569"}],"version-history":[{"count":1,"href":"https:\/\/canabae.fr\/en\/wp-json\/wp\/v2\/posts\/16569\/revisions"}],"predecessor-version":[{"id":16579,"href":"https:\/\/canabae.fr\/en\/wp-json\/wp\/v2\/posts\/16569\/revisions\/16579"}],"wp:featuredmedia":[{"embeddable":true,"href":"https:\/\/canabae.fr\/en\/wp-json\/wp\/v2\/media\/13047"}],"wp:attachment":[{"href":"https:\/\/canabae.fr\/en\/wp-json\/wp\/v2\/media?parent=16569"}],"wp:term":[{"taxonomy":"category","embeddable":true,"href":"https:\/\/canabae.fr\/en\/wp-json\/wp\/v2\/categories?post=16569"},{"taxonomy":"post_tag","embeddable":true,"href":"https:\/\/canabae.fr\/en\/wp-json\/wp\/v2\/tags?post=16569"}],"curies":[{"name":"wp","href":"https:\/\/api.w.org\/{rel}","templated":true}]}}