{"id":16764,"date":"2025-06-06T10:00:23","date_gmt":"2025-06-06T10:00:23","guid":{"rendered":"https:\/\/canabae.fr\/?p=16764"},"modified":"2025-07-02T08:51:53","modified_gmt":"2025-07-02T08:51:53","slug":"creer-une-galerie-de-portraits-coherente-pour-tous-les-salaries-dans-un-studio-photo-a-lyon","status":"publish","type":"post","link":"https:\/\/canabae.fr\/en\/creer-une-galerie-de-portraits-coherente-pour-tous-les-salaries-dans-un-studio-photo-a-lyon\/","title":{"rendered":"Create a coherent portrait gallery for all employees in a photo studio in Lyon"},"content":{"rendered":"<h2 class=\"wp-block-heading\"><strong>Why choose a photo studio in Lyon to standardize your corporate portraits?<\/strong><\/h2>\n\n\n\n<p>In any visual communication strategy, consistency is essential. For companies that want to project a professional, neat and consistent image, creating a <strong>coherent portrait gallery<\/strong> for all employees is an effective lever. Calling on a <strong>photo studio in Lyon<\/strong> guarantees consistent quality, uniform framing and controlled light, regardless of the profiles photographed. <\/p>\n\n\n\n<p>Indeed, a professional studio allows you to control every detail of the shot, from posture to the final result. And when it comes to harmonizing a company&#039;s image, every visual element counts. This is where specialized photographers like those at the Canabae studio come in, capable of creating a true visual identity around faces.<\/p>\n\n\n\n<h2 class=\"wp-block-heading\"><strong>What are the concrete benefits of a homogeneous gallery?<\/strong><\/h2>\n\n\n\n<p>Creating a cohesive portrait gallery isn&#039;t just about aesthetics. This approach serves several concrete purposes:<\/p>\n\n\n\n<ul class=\"wp-block-list\">\n<li><strong>Strengthen the brand image<\/strong> : a unified presentation inspires confidence and seriousness.<\/li>\n\n\n\n<li><strong>Facilitate internal and external communication<\/strong> : portraits are used in organizational charts, email signatures, internal publications or social networks.<\/li>\n\n\n\n<li><strong>Valuing employees<\/strong> : a professional photo highlights them, reinforces their commitment and their sense of belonging.<\/li>\n\n\n\n<li><strong>Optimize the graphic charter<\/strong> : the studio can integrate the company&#039;s color codes and visual styles.<\/li>\n<\/ul>\n\n\n\n<p>Thanks to a <strong>photo studio in Lyon<\/strong>, it is possible to efficiently manage all shots, even if there are many employees or they work on several sites.<\/p>\n\n\n\n<h2 class=\"wp-block-heading\"><strong>How can we ensure uniformity despite the diversity of profiles?<\/strong><\/h2>\n\n\n\n<p>It is common for employees to have different positions, different outfits, or even personal preferences in terms of posture. A good <strong>photo studio in Lyon<\/strong> will nevertheless be able to offer a clear, flexible but structured protocol, to standardize the results while respecting the uniqueness of each.<\/p>\n\n\n\n<p>Here are some techniques used:<\/p>\n\n\n\n<ol class=\"wp-block-list\">\n<li><strong>Standardized neutral background<\/strong> (often gray or white).<\/li>\n\n\n\n<li><strong>Identical lighting<\/strong> for each session.<\/li>\n\n\n\n<li><strong>Precise framing<\/strong> (usually bust or close-up).<\/li>\n\n\n\n<li><strong>Installation and Expression Instructions<\/strong> given to each one.<\/li>\n\n\n\n<li><strong>Harmonized retouching<\/strong> without excessive modification.<\/li>\n<\/ol>\n\n\n\n<p>With this approach, the final result is fluid, professional and easily integrated into any digital or print media.<\/p>\n\n\n\n<h2 class=\"wp-block-heading\"><strong>What role does the studio play in supporting the project?<\/strong><\/h2>\n\n\n\n<p>A <a href=\"https:\/\/canabae.fr\/studio-photo-a-lyon\/\"><strong>photo studio in Lyon<\/strong> <\/a>quality does not just take pictures. It supports the company throughout the process:<\/p>\n\n\n\n<ul class=\"wp-block-list\">\n<li>Definition of <strong>visual specifications<\/strong> : positioning, atmosphere, background, tone.<\/li>\n\n\n\n<li>Creation of a <strong>optimized shooting schedule<\/strong> (on site or in studio).<\/li>\n\n\n\n<li>Help with <strong>choice of outfits<\/strong> and to the <strong>dress code<\/strong> if necessary.<\/li>\n\n\n\n<li>Smooth session management, even for large groups.<\/li>\n\n\n\n<li>Fast delivery, sorted and rebranded for easy integration.<\/li>\n<\/ul>\n\n\n\n<p>This level of service saves HR, communications managers, or executives from having to juggle uncoordinated service providers. Canabae, for example, centralizes these elements with a keen graphic eye and real corporate experience.<\/p>\n\n\n\n<figure class=\"wp-block-gallery has-nested-images columns-default is-cropped wp-block-gallery-1 is-layout-flex wp-block-gallery-is-layout-flex\">\n<figure class=\"wp-block-image size-large\"><img fetchpriority=\"high\" decoding=\"async\" width=\"1024\" height=\"683\" data-id=\"11615\" src=\"https:\/\/canabae.fr\/wp-content\/uploads\/2025\/01\/24-07-Cyclo-canabae-canabae-8-1-1024x683.jpg\" alt=\"studio photo lyon\" class=\"wp-image-11615\" srcset=\"https:\/\/canabae.fr\/wp-content\/uploads\/2025\/01\/24-07-Cyclo-canabae-canabae-8-1-1024x683.jpg 1024w, https:\/\/canabae.fr\/wp-content\/uploads\/2025\/01\/24-07-Cyclo-canabae-canabae-8-1-300x200.jpg 300w, https:\/\/canabae.fr\/wp-content\/uploads\/2025\/01\/24-07-Cyclo-canabae-canabae-8-1-768x512.jpg 768w, https:\/\/canabae.fr\/wp-content\/uploads\/2025\/01\/24-07-Cyclo-canabae-canabae-8-1-1536x1024.jpg 1536w, https:\/\/canabae.fr\/wp-content\/uploads\/2025\/01\/24-07-Cyclo-canabae-canabae-8-1-2048x1365.jpg 2048w\" sizes=\"(max-width: 1024px) 100vw, 1024px\" \/><\/figure>\n\n\n\n<figure class=\"wp-block-image size-large\"><img decoding=\"async\" width=\"1024\" height=\"682\" data-id=\"15820\" src=\"https:\/\/canabae.fr\/wp-content\/uploads\/2025\/05\/25-01OceaneAvakianaustudio-Canabae-5-min-1024x682.jpg\" alt=\"studio photo Lyon\" class=\"wp-image-15820\" srcset=\"https:\/\/canabae.fr\/wp-content\/uploads\/2025\/05\/25-01OceaneAvakianaustudio-Canabae-5-min-1024x682.jpg 1024w, https:\/\/canabae.fr\/wp-content\/uploads\/2025\/05\/25-01OceaneAvakianaustudio-Canabae-5-min-300x200.jpg 300w, https:\/\/canabae.fr\/wp-content\/uploads\/2025\/05\/25-01OceaneAvakianaustudio-Canabae-5-min-768x512.jpg 768w, https:\/\/canabae.fr\/wp-content\/uploads\/2025\/05\/25-01OceaneAvakianaustudio-Canabae-5-min-1536x1024.jpg 1536w, https:\/\/canabae.fr\/wp-content\/uploads\/2025\/05\/25-01OceaneAvakianaustudio-Canabae-5-min-18x12.jpg 18w, https:\/\/canabae.fr\/wp-content\/uploads\/2025\/05\/25-01OceaneAvakianaustudio-Canabae-5-min.jpg 2000w\" sizes=\"(max-width: 1024px) 100vw, 1024px\" \/><\/figure>\n\n\n\n<figure class=\"wp-block-image size-large\"><img decoding=\"async\" width=\"683\" height=\"1024\" data-id=\"12909\" src=\"https:\/\/canabae.fr\/wp-content\/uploads\/2024\/02\/23-03_PortraitOceaneAvakian_Canabae-7-683x1024.jpg\" alt=\"studio photo lyon\" class=\"wp-image-12909\" srcset=\"https:\/\/canabae.fr\/wp-content\/uploads\/2024\/02\/23-03_PortraitOceaneAvakian_Canabae-7-683x1024.jpg 683w, https:\/\/canabae.fr\/wp-content\/uploads\/2024\/02\/23-03_PortraitOceaneAvakian_Canabae-7-200x300.jpg 200w, https:\/\/canabae.fr\/wp-content\/uploads\/2024\/02\/23-03_PortraitOceaneAvakian_Canabae-7-768x1152.jpg 768w, https:\/\/canabae.fr\/wp-content\/uploads\/2024\/02\/23-03_PortraitOceaneAvakian_Canabae-7-1024x1536.jpg 1024w, https:\/\/canabae.fr\/wp-content\/uploads\/2024\/02\/23-03_PortraitOceaneAvakian_Canabae-7-1365x2048.jpg 1365w, https:\/\/canabae.fr\/wp-content\/uploads\/2024\/02\/23-03_PortraitOceaneAvakian_Canabae-7-scaled.jpg 1706w\" sizes=\"(max-width: 683px) 100vw, 683px\" \/><\/figure>\n<\/figure>\n\n\n\n<h2 class=\"wp-block-heading\"><strong>Can the shots be organized into several sessions without compromising consistency?<\/strong><\/h2>\n\n\n\n<p>Yes, it is not only possible, but also common. This protocol may include:<\/p>\n\n\n\n<ul class=\"wp-block-list\">\n<li>A <strong>documented light adjustment<\/strong> for each type of portrait.<\/li>\n\n\n\n<li>Of the <strong>visual references<\/strong> precise (background, distance, shooting angle).<\/li>\n\n\n\n<li>Of the <strong>strict guidelines<\/strong> for poses and expression.<\/li>\n<\/ul>\n\n\n\n<p>So, whether employees are photographed over a week or several months, the final appearance remains the same. This archiving and tracking process allows any company to easily add new portraits to an existing database, without anyone noticing the difference.<\/p>\n\n\n\n<h2 class=\"wp-block-heading\"><strong>Mistakes to avoid for successful employee portraits<\/strong><\/h2>\n\n\n\n<p>So that the <strong>construction of a portrait gallery<\/strong> To be successful, certain pitfalls must be avoided:<\/p>\n\n\n\n<ul class=\"wp-block-list\">\n<li>Do not let employees choose their own photographer.<\/li>\n\n\n\n<li>Vary the backgrounds or framing from one session to another.<\/li>\n\n\n\n<li>Do not plan to <strong>joint brief<\/strong> on posture or expression.<\/li>\n\n\n\n<li>Forget about matching outfits (too many visual differences detract from the overall image).<\/li>\n\n\n\n<li>Not planning a consistent retouch.<\/li>\n<\/ul>\n\n\n\n<p>With the support of a specialized studio like that of <a class=\"\" href=\"https:\/\/canabae.fr\/studio-photo-a-lyon\/\"><strong>Canabae<\/strong><\/a>, these problems are anticipated from the first meeting.<\/p>\n\n\n\n<hr class=\"wp-block-separator has-alpha-channel-opacity\"\/>\n\n\n\n<h2 class=\"wp-block-heading\"><strong>FAQ \u2013 Gallery of portraits of employees in a photo studio in Lyon<\/strong><\/h2>\n\n\n\n<h3 class=\"wp-block-heading\"><strong>1. Why choose a photo studio in Lyon for employee portraits?<\/strong><\/h3>\n\n\n\n<p>Because it guarantees a professional, consistent result that&#039;s tailored to your brand image. The frame, lighting, and photo direction are all mastered, ensuring the final quality of each portrait.<\/p>\n\n\n\n<h3 class=\"wp-block-heading\"><strong>2. Can portraits be taken at a company rather than in a studio?<\/strong><\/h3>\n\n\n\n<p>Yes, a mobile studio can be deployed on-site. The photographer brings a backdrop, lighting, and equipment to replicate the conditions of a Lyon photo studio in your premises, while maintaining a consistent visual appearance.<\/p>\n\n\n\n<h3 class=\"wp-block-heading\"><strong>3. What if all employees are not available on the same day?<\/strong><\/h3>\n\n\n\n<p>No problem. The visual protocol in place allows for faithful reproduction of the same style in future sessions. The result will remain consistent, even with offset shots.<\/p>\n\n\n\n<h3 class=\"wp-block-heading\"><strong>4. Is it possible to customize the gallery according to the services?<\/strong><\/h3>\n\n\n\n<p>Absolutely. We can create a common base and slightly differentiate certain elements (posture, accessories, background color) according to the services while maintaining an overall unity.<\/p>\n\n\n\n<h3 class=\"wp-block-heading\"><strong>5. How can we integrate these portraits into our communication materials?<\/strong><\/h3>\n\n\n\n<p>The studio delivers files optimized for the web, social media, organizational charts, and brochures. You also receive standardized formats that are easy to use and perfectly aligned with your graphic charter.<\/p>\n\n\n\n<hr class=\"wp-block-separator has-alpha-channel-opacity\"\/>\n\n\n\n<h2 class=\"wp-block-heading\"><strong>Conclusion<\/strong><\/h2>\n\n\n\n<p>Create a <strong>consistent portrait gallery for all employees in a photo studio in Lyon<\/strong> is a structuring approach for any company concerned about its image. By working with experienced professionals like those from <strong>this specialized studio<\/strong>, you gain in consistency, efficiency and serenity. The image of your employees becomes a powerful communication lever aligned with your values.<\/p>\n\n\n\n<hr class=\"wp-block-separator has-alpha-channel-opacity\"\/>\n\n\n\n<p>You can continue to inform yourself with this very interesting article entitled: <a href=\"https:\/\/fitness-pleinair.fr\/un-studio-photo-a-lyon-propose-t-il-des-shootings-romantiques-pour-les-couples\/actualite-2\/\">Does a photo studio in Lyon offer romantic shoots for couples?<\/a><br><\/p>","protected":false},"excerpt":{"rendered":"<p>Pourquoi opter pour un studio photo \u00e0 Lyon pour uniformiser vos portraits d\u2019entreprise ? Dans toute strat\u00e9gie de communication visuelle, la coh\u00e9rence est essentielle. Pour les entreprises qui souhaitent refl\u00e9ter une image professionnelle, soign\u00e9e et homog\u00e8ne, r\u00e9aliser une galerie de [&hellip;]<\/p>\n","protected":false},"author":2,"featured_media":12909,"comment_status":"open","ping_status":"open","sticky":false,"template":"","format":"standard","meta":{"footnotes":""},"categories":[41],"tags":[],"class_list":["post-16764","post","type-post","status-publish","format-standard","has-post-thumbnail","hentry","category-studio-photo-lyon"],"yoast_head":"<!-- This site is optimized with the Yoast SEO plugin v27.4 - https:\/\/yoast.com\/product\/yoast-seo-wordpress\/ -->\n<title>Cr\u00e9er une galerie de portraits coh\u00e9rente pour tous les salari\u00e9s dans un studio photo \u00e0 Lyon<\/title>\n<meta name=\"description\" content=\"Cr\u00e9er une galerie coh\u00e9rente en studio photo \u00e0 Lyon valorise vos salari\u00e9s, renforce votre image de marque et simplifie la communication.\" \/>\n<meta name=\"robots\" content=\"index, follow, max-snippet:-1, max-image-preview:large, max-video-preview:-1\" \/>\n<link rel=\"canonical\" href=\"https:\/\/canabae.fr\/en\/creer-une-galerie-de-portraits-coherente-pour-tous-les-salaries-dans-un-studio-photo-a-lyon\/\" \/>\n<meta property=\"og:locale\" content=\"en_GB\" \/>\n<meta property=\"og:type\" content=\"article\" \/>\n<meta property=\"og:title\" content=\"Cr\u00e9er une galerie de portraits coh\u00e9rente pour tous les salari\u00e9s dans un studio photo \u00e0 Lyon\" \/>\n<meta property=\"og:description\" content=\"Cr\u00e9er une galerie coh\u00e9rente en studio photo \u00e0 Lyon valorise vos salari\u00e9s, renforce votre image de marque et simplifie la communication.\" \/>\n<meta property=\"og:url\" content=\"https:\/\/canabae.fr\/en\/creer-une-galerie-de-portraits-coherente-pour-tous-les-salaries-dans-un-studio-photo-a-lyon\/\" \/>\n<meta property=\"og:site_name\" content=\"Canabae Studios\" \/>\n<meta property=\"article:publisher\" content=\"https:\/\/www.facebook.com\/canabae.fr\/\" \/>\n<meta property=\"article:published_time\" content=\"2025-06-06T10:00:23+00:00\" \/>\n<meta property=\"article:modified_time\" content=\"2025-07-02T08:51:53+00:00\" \/>\n<meta property=\"og:image\" content=\"https:\/\/canabae.fr\/wp-content\/uploads\/2024\/02\/23-03_PortraitOceaneAvakian_Canabae-7-scaled.jpg\" \/>\n\t<meta property=\"og:image:width\" content=\"1706\" \/>\n\t<meta property=\"og:image:height\" content=\"2560\" \/>\n\t<meta property=\"og:image:type\" content=\"image\/jpeg\" \/>\n<meta name=\"author\" content=\"gentleview\" \/>\n<meta name=\"twitter:card\" content=\"summary_large_image\" \/>\n<meta name=\"twitter:label1\" content=\"Written by\" \/>\n\t<meta name=\"twitter:data1\" content=\"gentleview\" \/>\n\t<meta name=\"twitter:label2\" content=\"Estimated reading time\" \/>\n\t<meta name=\"twitter:data2\" content=\"6 minutes\" \/>\n<script type=\"application\/ld+json\" class=\"yoast-schema-graph\">{\"@context\":\"https:\\\/\\\/schema.org\",\"@graph\":[{\"@type\":\"Article\",\"@id\":\"https:\\\/\\\/canabae.fr\\\/creer-une-galerie-de-portraits-coherente-pour-tous-les-salaries-dans-un-studio-photo-a-lyon\\\/#article\",\"isPartOf\":{\"@id\":\"https:\\\/\\\/canabae.fr\\\/creer-une-galerie-de-portraits-coherente-pour-tous-les-salaries-dans-un-studio-photo-a-lyon\\\/\"},\"author\":{\"name\":\"gentleview\",\"@id\":\"https:\\\/\\\/canabae.fr\\\/#\\\/schema\\\/person\\\/e58b8e87e247b8ce3b2fb9b1a8572044\"},\"headline\":\"Cr\u00e9er une galerie de portraits coh\u00e9rente pour tous les salari\u00e9s dans un studio photo \u00e0 Lyon\",\"datePublished\":\"2025-06-06T10:00:23+00:00\",\"dateModified\":\"2025-07-02T08:51:53+00:00\",\"mainEntityOfPage\":{\"@id\":\"https:\\\/\\\/canabae.fr\\\/creer-une-galerie-de-portraits-coherente-pour-tous-les-salaries-dans-un-studio-photo-a-lyon\\\/\"},\"wordCount\":1142,\"commentCount\":0,\"publisher\":{\"@id\":\"https:\\\/\\\/canabae.fr\\\/#organization\"},\"image\":{\"@id\":\"https:\\\/\\\/canabae.fr\\\/creer-une-galerie-de-portraits-coherente-pour-tous-les-salaries-dans-un-studio-photo-a-lyon\\\/#primaryimage\"},\"thumbnailUrl\":\"https:\\\/\\\/canabae.fr\\\/wp-content\\\/uploads\\\/2024\\\/02\\\/23-03_PortraitOceaneAvakian_Canabae-7-scaled.jpg\",\"articleSection\":[\"Studio Photo Lyon\"],\"inLanguage\":\"en-GB\",\"potentialAction\":[{\"@type\":\"CommentAction\",\"name\":\"Comment\",\"target\":[\"https:\\\/\\\/canabae.fr\\\/creer-une-galerie-de-portraits-coherente-pour-tous-les-salaries-dans-un-studio-photo-a-lyon\\\/#respond\"]}]},{\"@type\":\"WebPage\",\"@id\":\"https:\\\/\\\/canabae.fr\\\/creer-une-galerie-de-portraits-coherente-pour-tous-les-salaries-dans-un-studio-photo-a-lyon\\\/\",\"url\":\"https:\\\/\\\/canabae.fr\\\/creer-une-galerie-de-portraits-coherente-pour-tous-les-salaries-dans-un-studio-photo-a-lyon\\\/\",\"name\":\"Cr\u00e9er une galerie de portraits coh\u00e9rente pour tous les salari\u00e9s dans un studio photo \u00e0 Lyon\",\"isPartOf\":{\"@id\":\"https:\\\/\\\/canabae.fr\\\/#website\"},\"primaryImageOfPage\":{\"@id\":\"https:\\\/\\\/canabae.fr\\\/creer-une-galerie-de-portraits-coherente-pour-tous-les-salaries-dans-un-studio-photo-a-lyon\\\/#primaryimage\"},\"image\":{\"@id\":\"https:\\\/\\\/canabae.fr\\\/creer-une-galerie-de-portraits-coherente-pour-tous-les-salaries-dans-un-studio-photo-a-lyon\\\/#primaryimage\"},\"thumbnailUrl\":\"https:\\\/\\\/canabae.fr\\\/wp-content\\\/uploads\\\/2024\\\/02\\\/23-03_PortraitOceaneAvakian_Canabae-7-scaled.jpg\",\"datePublished\":\"2025-06-06T10:00:23+00:00\",\"dateModified\":\"2025-07-02T08:51:53+00:00\",\"description\":\"Cr\u00e9er une galerie coh\u00e9rente en studio photo \u00e0 Lyon valorise vos salari\u00e9s, renforce votre image de marque et simplifie la communication.\",\"breadcrumb\":{\"@id\":\"https:\\\/\\\/canabae.fr\\\/creer-une-galerie-de-portraits-coherente-pour-tous-les-salaries-dans-un-studio-photo-a-lyon\\\/#breadcrumb\"},\"inLanguage\":\"en-GB\",\"potentialAction\":[{\"@type\":\"ReadAction\",\"target\":[\"https:\\\/\\\/canabae.fr\\\/creer-une-galerie-de-portraits-coherente-pour-tous-les-salaries-dans-un-studio-photo-a-lyon\\\/\"]}]},{\"@type\":\"ImageObject\",\"inLanguage\":\"en-GB\",\"@id\":\"https:\\\/\\\/canabae.fr\\\/creer-une-galerie-de-portraits-coherente-pour-tous-les-salaries-dans-un-studio-photo-a-lyon\\\/#primaryimage\",\"url\":\"https:\\\/\\\/canabae.fr\\\/wp-content\\\/uploads\\\/2024\\\/02\\\/23-03_PortraitOceaneAvakian_Canabae-7-scaled.jpg\",\"contentUrl\":\"https:\\\/\\\/canabae.fr\\\/wp-content\\\/uploads\\\/2024\\\/02\\\/23-03_PortraitOceaneAvakian_Canabae-7-scaled.jpg\",\"width\":1706,\"height\":2560,\"caption\":\"studio photo lyon\"},{\"@type\":\"BreadcrumbList\",\"@id\":\"https:\\\/\\\/canabae.fr\\\/creer-une-galerie-de-portraits-coherente-pour-tous-les-salaries-dans-un-studio-photo-a-lyon\\\/#breadcrumb\",\"itemListElement\":[{\"@type\":\"ListItem\",\"position\":1,\"name\":\"Accueil\",\"item\":\"https:\\\/\\\/canabae.fr\\\/\"},{\"@type\":\"ListItem\",\"position\":2,\"name\":\"Cr\u00e9er une galerie de portraits coh\u00e9rente pour tous les salari\u00e9s dans un studio photo \u00e0 Lyon\"}]},{\"@type\":\"WebSite\",\"@id\":\"https:\\\/\\\/canabae.fr\\\/#website\",\"url\":\"https:\\\/\\\/canabae.fr\\\/\",\"name\":\"Canabae Studios\",\"description\":\"Vid\u00e9astes et location de studio \u00e0 Lyon\",\"publisher\":{\"@id\":\"https:\\\/\\\/canabae.fr\\\/#organization\"},\"potentialAction\":[{\"@type\":\"SearchAction\",\"target\":{\"@type\":\"EntryPoint\",\"urlTemplate\":\"https:\\\/\\\/canabae.fr\\\/?s={search_term_string}\"},\"query-input\":{\"@type\":\"PropertyValueSpecification\",\"valueRequired\":true,\"valueName\":\"search_term_string\"}}],\"inLanguage\":\"en-GB\"},{\"@type\":\"Organization\",\"@id\":\"https:\\\/\\\/canabae.fr\\\/#organization\",\"name\":\"Canabae - Vid\u00e9astes professionnels Lyon\",\"url\":\"https:\\\/\\\/canabae.fr\\\/\",\"logo\":{\"@type\":\"ImageObject\",\"inLanguage\":\"en-GB\",\"@id\":\"https:\\\/\\\/canabae.fr\\\/#\\\/schema\\\/logo\\\/image\\\/\",\"url\":\"https:\\\/\\\/canabae.fr\\\/wp-content\\\/uploads\\\/2024\\\/11\\\/CANABAE-Icone-Noir.png\",\"contentUrl\":\"https:\\\/\\\/canabae.fr\\\/wp-content\\\/uploads\\\/2024\\\/11\\\/CANABAE-Icone-Noir.png\",\"width\":2644,\"height\":2481,\"caption\":\"Canabae - Vid\u00e9astes professionnels Lyon\"},\"image\":{\"@id\":\"https:\\\/\\\/canabae.fr\\\/#\\\/schema\\\/logo\\\/image\\\/\"},\"sameAs\":[\"https:\\\/\\\/www.facebook.com\\\/canabae.fr\\\/\",\"https:\\\/\\\/www.instagram.com\\\/canabae.studios\\\/\",\"https:\\\/\\\/www.tiktok.com\\\/@canabae.studios\",\"https:\\\/\\\/www.linkedin.com\\\/company\\\/canabae\\\/\"]},{\"@type\":\"Person\",\"@id\":\"https:\\\/\\\/canabae.fr\\\/#\\\/schema\\\/person\\\/e58b8e87e247b8ce3b2fb9b1a8572044\",\"name\":\"gentleview\",\"image\":{\"@type\":\"ImageObject\",\"inLanguage\":\"en-GB\",\"@id\":\"https:\\\/\\\/canabae.fr\\\/wp-content\\\/litespeed\\\/avatar\\\/7778e21f87984950f6367189c0b256f4.jpg?ver=1777472236\",\"url\":\"https:\\\/\\\/canabae.fr\\\/wp-content\\\/litespeed\\\/avatar\\\/7778e21f87984950f6367189c0b256f4.jpg?ver=1777472236\",\"contentUrl\":\"https:\\\/\\\/canabae.fr\\\/wp-content\\\/litespeed\\\/avatar\\\/7778e21f87984950f6367189c0b256f4.jpg?ver=1777472236\",\"caption\":\"gentleview\"}}]}<\/script>\n<!-- \/ Yoast SEO plugin. -->","yoast_head_json":{"title":"Create a coherent portrait gallery for all employees in a photo studio in Lyon","description":"Cr\u00e9er une galerie coh\u00e9rente en studio photo \u00e0 Lyon valorise vos salari\u00e9s, renforce votre image de marque et simplifie la communication.","robots":{"index":"index","follow":"follow","max-snippet":"max-snippet:-1","max-image-preview":"max-image-preview:large","max-video-preview":"max-video-preview:-1"},"canonical":"https:\/\/canabae.fr\/en\/creer-une-galerie-de-portraits-coherente-pour-tous-les-salaries-dans-un-studio-photo-a-lyon\/","og_locale":"en_GB","og_type":"article","og_title":"Cr\u00e9er une galerie de portraits coh\u00e9rente pour tous les salari\u00e9s dans un studio photo \u00e0 Lyon","og_description":"Cr\u00e9er une galerie coh\u00e9rente en studio photo \u00e0 Lyon valorise vos salari\u00e9s, renforce votre image de marque et simplifie la communication.","og_url":"https:\/\/canabae.fr\/en\/creer-une-galerie-de-portraits-coherente-pour-tous-les-salaries-dans-un-studio-photo-a-lyon\/","og_site_name":"Canabae Studios","article_publisher":"https:\/\/www.facebook.com\/canabae.fr\/","article_published_time":"2025-06-06T10:00:23+00:00","article_modified_time":"2025-07-02T08:51:53+00:00","og_image":[{"width":1706,"height":2560,"url":"https:\/\/canabae.fr\/wp-content\/uploads\/2024\/02\/23-03_PortraitOceaneAvakian_Canabae-7-scaled.jpg","type":"image\/jpeg"}],"author":"gentleview","twitter_card":"summary_large_image","twitter_misc":{"Written by":"gentleview","Estimated reading time":"6 minutes"},"schema":{"@context":"https:\/\/schema.org","@graph":[{"@type":"Article","@id":"https:\/\/canabae.fr\/creer-une-galerie-de-portraits-coherente-pour-tous-les-salaries-dans-un-studio-photo-a-lyon\/#article","isPartOf":{"@id":"https:\/\/canabae.fr\/creer-une-galerie-de-portraits-coherente-pour-tous-les-salaries-dans-un-studio-photo-a-lyon\/"},"author":{"name":"gentleview","@id":"https:\/\/canabae.fr\/#\/schema\/person\/e58b8e87e247b8ce3b2fb9b1a8572044"},"headline":"Cr\u00e9er une galerie de portraits coh\u00e9rente pour tous les salari\u00e9s dans un studio photo \u00e0 Lyon","datePublished":"2025-06-06T10:00:23+00:00","dateModified":"2025-07-02T08:51:53+00:00","mainEntityOfPage":{"@id":"https:\/\/canabae.fr\/creer-une-galerie-de-portraits-coherente-pour-tous-les-salaries-dans-un-studio-photo-a-lyon\/"},"wordCount":1142,"commentCount":0,"publisher":{"@id":"https:\/\/canabae.fr\/#organization"},"image":{"@id":"https:\/\/canabae.fr\/creer-une-galerie-de-portraits-coherente-pour-tous-les-salaries-dans-un-studio-photo-a-lyon\/#primaryimage"},"thumbnailUrl":"https:\/\/canabae.fr\/wp-content\/uploads\/2024\/02\/23-03_PortraitOceaneAvakian_Canabae-7-scaled.jpg","articleSection":["Studio Photo Lyon"],"inLanguage":"en-GB","potentialAction":[{"@type":"CommentAction","name":"Comment","target":["https:\/\/canabae.fr\/creer-une-galerie-de-portraits-coherente-pour-tous-les-salaries-dans-un-studio-photo-a-lyon\/#respond"]}]},{"@type":"WebPage","@id":"https:\/\/canabae.fr\/creer-une-galerie-de-portraits-coherente-pour-tous-les-salaries-dans-un-studio-photo-a-lyon\/","url":"https:\/\/canabae.fr\/creer-une-galerie-de-portraits-coherente-pour-tous-les-salaries-dans-un-studio-photo-a-lyon\/","name":"Create a coherent portrait gallery for all employees in a photo studio in Lyon","isPartOf":{"@id":"https:\/\/canabae.fr\/#website"},"primaryImageOfPage":{"@id":"https:\/\/canabae.fr\/creer-une-galerie-de-portraits-coherente-pour-tous-les-salaries-dans-un-studio-photo-a-lyon\/#primaryimage"},"image":{"@id":"https:\/\/canabae.fr\/creer-une-galerie-de-portraits-coherente-pour-tous-les-salaries-dans-un-studio-photo-a-lyon\/#primaryimage"},"thumbnailUrl":"https:\/\/canabae.fr\/wp-content\/uploads\/2024\/02\/23-03_PortraitOceaneAvakian_Canabae-7-scaled.jpg","datePublished":"2025-06-06T10:00:23+00:00","dateModified":"2025-07-02T08:51:53+00:00","description":"Cr\u00e9er une galerie coh\u00e9rente en studio photo \u00e0 Lyon valorise vos salari\u00e9s, renforce votre image de marque et simplifie la communication.","breadcrumb":{"@id":"https:\/\/canabae.fr\/creer-une-galerie-de-portraits-coherente-pour-tous-les-salaries-dans-un-studio-photo-a-lyon\/#breadcrumb"},"inLanguage":"en-GB","potentialAction":[{"@type":"ReadAction","target":["https:\/\/canabae.fr\/creer-une-galerie-de-portraits-coherente-pour-tous-les-salaries-dans-un-studio-photo-a-lyon\/"]}]},{"@type":"ImageObject","inLanguage":"en-GB","@id":"https:\/\/canabae.fr\/creer-une-galerie-de-portraits-coherente-pour-tous-les-salaries-dans-un-studio-photo-a-lyon\/#primaryimage","url":"https:\/\/canabae.fr\/wp-content\/uploads\/2024\/02\/23-03_PortraitOceaneAvakian_Canabae-7-scaled.jpg","contentUrl":"https:\/\/canabae.fr\/wp-content\/uploads\/2024\/02\/23-03_PortraitOceaneAvakian_Canabae-7-scaled.jpg","width":1706,"height":2560,"caption":"studio photo lyon"},{"@type":"BreadcrumbList","@id":"https:\/\/canabae.fr\/creer-une-galerie-de-portraits-coherente-pour-tous-les-salaries-dans-un-studio-photo-a-lyon\/#breadcrumb","itemListElement":[{"@type":"ListItem","position":1,"name":"Accueil","item":"https:\/\/canabae.fr\/"},{"@type":"ListItem","position":2,"name":"Cr\u00e9er une galerie de portraits coh\u00e9rente pour tous les salari\u00e9s dans un studio photo \u00e0 Lyon"}]},{"@type":"WebSite","@id":"https:\/\/canabae.fr\/#website","url":"https:\/\/canabae.fr\/","name":"Canabae Studios","description":"Videographers and studio rental in Lyon","publisher":{"@id":"https:\/\/canabae.fr\/#organization"},"potentialAction":[{"@type":"SearchAction","target":{"@type":"EntryPoint","urlTemplate":"https:\/\/canabae.fr\/?s={search_term_string}"},"query-input":{"@type":"PropertyValueSpecification","valueRequired":true,"valueName":"search_term_string"}}],"inLanguage":"en-GB"},{"@type":"Organization","@id":"https:\/\/canabae.fr\/#organization","name":"Canabae - Professional Videographers Lyon","url":"https:\/\/canabae.fr\/","logo":{"@type":"ImageObject","inLanguage":"en-GB","@id":"https:\/\/canabae.fr\/#\/schema\/logo\/image\/","url":"https:\/\/canabae.fr\/wp-content\/uploads\/2024\/11\/CANABAE-Icone-Noir.png","contentUrl":"https:\/\/canabae.fr\/wp-content\/uploads\/2024\/11\/CANABAE-Icone-Noir.png","width":2644,"height":2481,"caption":"Canabae - Vid\u00e9astes professionnels Lyon"},"image":{"@id":"https:\/\/canabae.fr\/#\/schema\/logo\/image\/"},"sameAs":["https:\/\/www.facebook.com\/canabae.fr\/","https:\/\/www.instagram.com\/canabae.studios\/","https:\/\/www.tiktok.com\/@canabae.studios","https:\/\/www.linkedin.com\/company\/canabae\/"]},{"@type":"Person","@id":"https:\/\/canabae.fr\/#\/schema\/person\/e58b8e87e247b8ce3b2fb9b1a8572044","name":"gentle view","image":{"@type":"ImageObject","inLanguage":"en-GB","@id":"https:\/\/canabae.fr\/wp-content\/litespeed\/avatar\/7778e21f87984950f6367189c0b256f4.jpg?ver=1777472236","url":"https:\/\/canabae.fr\/wp-content\/litespeed\/avatar\/7778e21f87984950f6367189c0b256f4.jpg?ver=1777472236","contentUrl":"https:\/\/canabae.fr\/wp-content\/litespeed\/avatar\/7778e21f87984950f6367189c0b256f4.jpg?ver=1777472236","caption":"gentleview"}}]}},"_links":{"self":[{"href":"https:\/\/canabae.fr\/en\/wp-json\/wp\/v2\/posts\/16764","targetHints":{"allow":["GET"]}}],"collection":[{"href":"https:\/\/canabae.fr\/en\/wp-json\/wp\/v2\/posts"}],"about":[{"href":"https:\/\/canabae.fr\/en\/wp-json\/wp\/v2\/types\/post"}],"author":[{"embeddable":true,"href":"https:\/\/canabae.fr\/en\/wp-json\/wp\/v2\/users\/2"}],"replies":[{"embeddable":true,"href":"https:\/\/canabae.fr\/en\/wp-json\/wp\/v2\/comments?post=16764"}],"version-history":[{"count":3,"href":"https:\/\/canabae.fr\/en\/wp-json\/wp\/v2\/posts\/16764\/revisions"}],"predecessor-version":[{"id":16913,"href":"https:\/\/canabae.fr\/en\/wp-json\/wp\/v2\/posts\/16764\/revisions\/16913"}],"wp:featuredmedia":[{"embeddable":true,"href":"https:\/\/canabae.fr\/en\/wp-json\/wp\/v2\/media\/12909"}],"wp:attachment":[{"href":"https:\/\/canabae.fr\/en\/wp-json\/wp\/v2\/media?parent=16764"}],"wp:term":[{"taxonomy":"category","embeddable":true,"href":"https:\/\/canabae.fr\/en\/wp-json\/wp\/v2\/categories?post=16764"},{"taxonomy":"post_tag","embeddable":true,"href":"https:\/\/canabae.fr\/en\/wp-json\/wp\/v2\/tags?post=16764"}],"curies":[{"name":"wp","href":"https:\/\/api.w.org\/{rel}","templated":true}]}}