{"id":17554,"date":"2025-09-23T15:10:00","date_gmt":"2025-09-23T13:10:00","guid":{"rendered":"https:\/\/canabae.fr\/?p=17554"},"modified":"2025-09-11T16:24:44","modified_gmt":"2025-09-11T14:24:44","slug":"pourquoi-faire-ses-photos-corporate-dans-un-studio-photo-a-lyon","status":"publish","type":"post","link":"https:\/\/canabae.fr\/en\/pourquoi-faire-ses-photos-corporate-dans-un-studio-photo-a-lyon\/","title":{"rendered":"Pourquoi faire ses photos corporate dans un studio photo \u00e0 Lyon ?"},"content":{"rendered":"<h2 class=\"wp-block-heading\">L\u2019importance de l\u2019image professionnelle dans le monde actuel<\/h2>\n\n\n\n<p>Dans un environnement o\u00f9 la communication visuelle occupe une place essentielle, l\u2019image professionnelle est devenue un levier strat\u00e9gique. Les photos corporate servent \u00e0 illustrer des profils LinkedIn, des sites internet, des plaquettes commerciales ou encore des rapports annuels. Elles ne se limitent pas \u00e0 un simple portrait, elles traduisent l\u2019identit\u00e9, les valeurs et le positionnement d\u2019une entreprise. Un clich\u00e9 r\u00e9ussi inspire confiance et cr\u00e9dibilit\u00e9, deux \u00e9l\u00e9ments indispensables pour s\u00e9duire des partenaires ou convaincre des clients. Opter pour un photographe qualifi\u00e9 dans un cadre parfaitement adapt\u00e9, comme un <strong>photo studio in Lyon<\/strong>, permet d\u2019obtenir des r\u00e9sultats homog\u00e8nes et qualitatifs. La pr\u00e9paration minutieuse, l\u2019\u00e9clairage ma\u00eetris\u00e9 et la mise en sc\u00e8ne soign\u00e9e assurent des visuels qui refl\u00e8tent la meilleure version de soi-m\u00eame dans un contexte professionnel.<\/p>\n\n\n\n<h2 class=\"wp-block-heading\">Les limites des prises de vue en ext\u00e9rieur ou en entreprise<\/h2>\n\n\n\n<p>Il peut \u00eatre tentant de r\u00e9aliser des portraits professionnels directement dans les locaux de l\u2019entreprise ou en ext\u00e9rieur. Toutefois, ces solutions pr\u00e9sentent rapidement leurs limites. Les variations de lumi\u00e8re, le bruit ambiant, l\u2019arri\u00e8re-plan parfois encombr\u00e9 ou peu valorisant constituent autant d\u2019obstacles. Dans une salle de r\u00e9union, il est difficile de contr\u00f4ler totalement l\u2019\u00e9clairage naturel ou artificiel, ce qui se traduit souvent par des photos ternes ou peu harmonieuses. En ext\u00e9rieur, les conditions m\u00e9t\u00e9orologiques ajoutent un facteur impr\u00e9visible qui peut compromettre la s\u00e9ance. Au contraire, choisir un <strong>studio d\u00e9di\u00e9 \u00e0 la photographie \u00e0 Lyon<\/strong> offre un cadre ma\u00eetris\u00e9, sans al\u00e9a. L\u2019environnement neutre et modulable permet de se concentrer sur la mise en valeur du sujet, sans distraction visuelle ni contrainte technique.<\/p>\n\n\n\n<h2 class=\"wp-block-heading\">La ma\u00eetrise de la lumi\u00e8re : un atout majeur du studio<\/h2>\n\n\n\n<p>La qualit\u00e9 d\u2019une photo repose en grande partie sur l\u2019\u00e9clairage. Une lumi\u00e8re trop dure ou trop faible peut accentuer des d\u00e9fauts, cr\u00e9er des ombres ind\u00e9sirables ou donner une impression de fatigue. Dans un <strong>studio photo situ\u00e9 \u00e0 Lyon<\/strong>, la lumi\u00e8re est totalement contr\u00f4l\u00e9e gr\u00e2ce \u00e0 des \u00e9quipements professionnels : projecteurs, r\u00e9flecteurs, bo\u00eetes \u00e0 lumi\u00e8re ou fonds adapt\u00e9s. Le photographe peut ainsi sculpter l\u2019image et ajuster la luminosit\u00e9 en fonction du message que l\u2019on souhaite transmettre. Un portrait corporate peut n\u00e9cessiter une lumi\u00e8re douce pour une atmosph\u00e8re accessible et humaine, ou un \u00e9clairage plus marqu\u00e9 pour exprimer autorit\u00e9 et dynamisme. Cette flexibilit\u00e9 n\u2019est possible que dans un lieu pr\u00e9vu \u00e0 cet effet, o\u00f9 chaque d\u00e9tail est calibr\u00e9 pour sublimer le rendu final.<\/p>\n\n\n\n<h2 class=\"wp-block-heading\">Un environnement neutre et professionnel<\/h2>\n\n\n\n<p>Un autre avantage majeur du <strong>photo studio in Lyon<\/strong> r\u00e9side dans la neutralit\u00e9 de l\u2019environnement. Les fonds unis, blancs, noirs ou color\u00e9s, mais \u00e9galement les d\u00e9cors sp\u00e9cialement con\u00e7us, assurent une coh\u00e9rence esth\u00e9tique. Contrairement \u00e0 une prise de vue improvis\u00e9e dans un bureau encombr\u00e9, les photos r\u00e9alis\u00e9es en studio respirent la clart\u00e9 et le professionnalisme. Cette neutralit\u00e9 facilite aussi l\u2019utilisation des images dans diff\u00e9rents supports de communication. Un m\u00eame portrait peut \u00eatre int\u00e9gr\u00e9 aussi bien sur un site internet que dans une brochure ou sur une signature mail, sans cr\u00e9er de d\u00e9calage visuel. Le studio repr\u00e9sente donc une valeur s\u00fbre pour obtenir un rendu \u00e9pur\u00e9, moderne et adaptable \u00e0 toutes les strat\u00e9gies de communication.<\/p>\n\n\n\n<h2 class=\"wp-block-heading\">Le r\u00f4le du photographe dans la direction artistique<\/h2>\n\n\n\n<p>Au-del\u00e0 de l\u2019aspect technique, le travail du photographe en studio repose sur une dimension humaine et artistique. En venant dans un <strong>studio photo sur Lyon<\/strong>, le sujet b\u00e9n\u00e9ficie de conseils personnalis\u00e9s pour adopter la meilleure posture, trouver une expression naturelle et mettre en avant son professionnalisme. Le photographe guide les gestes, ajuste les d\u00e9tails vestimentaires et rassure face \u00e0 l\u2019objectif. Cet accompagnement est primordial, car il permet d\u2019obtenir des clich\u00e9s authentiques qui valorisent la personnalit\u00e9 tout en restant coh\u00e9rents avec l\u2019image corporate recherch\u00e9e. La s\u00e9ance photo devient ainsi un v\u00e9ritable travail collaboratif entre le mod\u00e8le et le photographe, o\u00f9 l\u2019expertise technique se conjugue avec une approche humaine.<\/p>\n\n\n\n<h2 class=\"wp-block-heading\">Des photos uniformes pour toute une \u00e9quipe<\/h2>\n\n\n\n<p>Lorsqu\u2019une entreprise souhaite mettre en avant ses collaborateurs, la coh\u00e9rence visuelle devient essentielle. Des portraits r\u00e9alis\u00e9s dans des conditions diff\u00e9rentes donnent un aspect h\u00e9t\u00e9rog\u00e8ne et manquent de professionnalisme. R\u00e9unir les membres de l\u2019\u00e9quipe dans un <strong>photo studio in Lyon<\/strong> garantit une uniformit\u00e9 dans la lumi\u00e8re, les fonds et les angles de prise de vue. Les images sont harmonis\u00e9es, ce qui renforce l\u2019identit\u00e9 de l\u2019entreprise et l\u2019impression de s\u00e9rieux aupr\u00e8s des clients ou partenaires. Qu\u2019il s\u2019agisse d\u2019une start-up, d\u2019un cabinet d\u2019avocats ou d\u2019une grande soci\u00e9t\u00e9, ce type de d\u00e9marche contribue \u00e0 v\u00e9hiculer une image de coh\u00e9sion et de rigueur. L\u2019homog\u00e9n\u00e9it\u00e9 des portraits participe directement \u00e0 la cr\u00e9dibilit\u00e9 et au rayonnement de la structure.<\/p>\n\n\n\n<h2 class=\"wp-block-heading\">La flexibilit\u00e9 pour des besoins vari\u00e9s<\/h2>\n\n\n\n<p>Un portrait corporate n\u2019est pas toujours destin\u00e9 au m\u00eame usage. Parfois, il s\u2019agit d\u2019une photo sobre pour un rapport institutionnel, d\u2019autres fois d\u2019un clich\u00e9 plus dynamique pour un r\u00e9seau social professionnel. Un <strong>photography studio in Lyon<\/strong> permet d\u2019adapter chaque s\u00e9ance selon les besoins. Changement de fond, variation d\u2019\u00e9clairage, accessoires minimalistes : tout est possible sans perte de temps. Certains professionnels profitent de la s\u00e9ance pour r\u00e9aliser plusieurs d\u00e9clinaisons d\u2019un m\u00eame portrait, afin de disposer d\u2019un panel de visuels adapt\u00e9s \u00e0 chaque support. Cette flexibilit\u00e9 optimise l\u2019investissement et offre une grande libert\u00e9 de communication, tout en assurant une coh\u00e9rence globale de l\u2019image diffus\u00e9e.<\/p>\n\n\n\n<h2 class=\"wp-block-heading\">Des retouches professionnelles pour un rendu parfait<\/h2>\n\n\n\n<p>La s\u00e9ance photo en studio ne s\u2019arr\u00eate pas au moment de la prise de vue. Le travail de post-production joue \u00e9galement un r\u00f4le cl\u00e9. Les retouches consistent \u00e0 corriger la luminosit\u00e9, ajuster les contrastes, am\u00e9liorer le teint ou gommer de petites imperfections. Contrairement aux filtres automatiques, les retouches r\u00e9alis\u00e9es par un photographe professionnel respectent l\u2019authenticit\u00e9 du portrait tout en sublimant le r\u00e9sultat. <\/p>\n\n\n\n<h2 class=\"wp-block-heading\">Un investissement durable pour l\u2019image de marque<\/h2>\n\n\n\n<p>R\u00e9aliser ses portraits professionnels dans un <strong>photo studio in Lyon<\/strong> doit \u00eatre vu comme un v\u00e9ritable investissement pour l\u2019avenir. Ces photos ne sont pas \u00e9ph\u00e9m\u00e8res : elles accompagneront l\u2019image de marque de l\u2019entreprise pendant plusieurs ann\u00e9es. Une communication visuelle soign\u00e9e am\u00e9liore la perception qu\u2019ont les prospects et partenaires, et contribue \u00e0 renforcer la notori\u00e9t\u00e9. Dans un monde o\u00f9 la premi\u00e8re impression se fait souvent en ligne, n\u00e9gliger ce d\u00e9tail peut avoir un impact n\u00e9gatif sur les opportunit\u00e9s. \u00c0 l\u2019inverse, des visuels bien travaill\u00e9s ouvrent la porte \u00e0 de nouvelles collaborations et inspirent la confiance, un atout pr\u00e9cieux dans la comp\u00e9tition actuelle des march\u00e9s.<\/p>\n\n\n\n<h2 class=\"wp-block-heading\">Conclusion : le choix strat\u00e9gique du studio<\/h2>\n\n\n\n<p>En d\u00e9finitive, r\u00e9aliser ses photos corporate dans un <strong>photo studio in Lyon<\/strong> constitue un choix strat\u00e9gique. Cela garantit une ma\u00eetrise technique totale, un accompagnement personnalis\u00e9 et une qualit\u00e9 homog\u00e8ne pour toute l\u2019\u00e9quipe. Les portraits obtenus renforcent l\u2019image professionnelle, soutiennent la communication et valorisent durablement l\u2019entreprise. Pour celles et ceux qui souhaitent aller plus loin dans leur r\u00e9flexion autour des d\u00e9cors et arri\u00e8re-plans, vous pouvez consulter un article similaire en cliquant sur ce lien : <a href=\"https:\/\/www.16photo.com\/fonds-verts-proposes-en-studio-photo-a-lyon-pour-montages\/\">Fonds verts propos\u00e9s en studio photo \u00e0 Lyon pour montages<\/a>.<\/p>","protected":false},"excerpt":{"rendered":"<p>L\u2019importance de l\u2019image professionnelle dans le monde actuel Dans un environnement o\u00f9 la communication visuelle occupe une place essentielle, l\u2019image professionnelle est devenue un levier strat\u00e9gique. Les photos corporate servent \u00e0 illustrer des profils LinkedIn, des sites internet, des plaquettes [&hellip;]<\/p>\n","protected":false},"author":2,"featured_media":17564,"comment_status":"open","ping_status":"open","sticky":false,"template":"","format":"standard","meta":{"footnotes":""},"categories":[41],"tags":[],"class_list":["post-17554","post","type-post","status-publish","format-standard","has-post-thumbnail","hentry","category-studio-photo-lyon"],"yoast_head":"<!-- This site is optimized with the Yoast SEO plugin v27.4 - https:\/\/yoast.com\/product\/yoast-seo-wordpress\/ -->\n<title>Pourquoi faire ses photos corporate dans un studio photo \u00e0 Lyon ? | Canabae Studios<\/title>\n<meta name=\"description\" content=\"Un studio de photographie \u00e0 Lyon permet d\u2019adapter chaque s\u00e9ance selon les besoins. Changement de fond, variation d\u2019\u00e9clairage\" \/>\n<meta name=\"robots\" content=\"index, follow, max-snippet:-1, max-image-preview:large, max-video-preview:-1\" \/>\n<link rel=\"canonical\" href=\"https:\/\/canabae.fr\/en\/pourquoi-faire-ses-photos-corporate-dans-un-studio-photo-a-lyon\/\" \/>\n<meta property=\"og:locale\" content=\"en_GB\" \/>\n<meta property=\"og:type\" content=\"article\" \/>\n<meta property=\"og:title\" content=\"Pourquoi faire ses photos corporate dans un studio photo \u00e0 Lyon ? | Canabae Studios\" \/>\n<meta property=\"og:description\" content=\"Un studio de photographie \u00e0 Lyon permet d\u2019adapter chaque s\u00e9ance selon les besoins. Changement de fond, variation d\u2019\u00e9clairage\" \/>\n<meta property=\"og:url\" content=\"https:\/\/canabae.fr\/en\/pourquoi-faire-ses-photos-corporate-dans-un-studio-photo-a-lyon\/\" \/>\n<meta property=\"og:site_name\" content=\"Canabae Studios\" \/>\n<meta property=\"article:publisher\" content=\"https:\/\/www.facebook.com\/canabae.fr\/\" \/>\n<meta property=\"article:published_time\" content=\"2025-09-23T13:10:00+00:00\" \/>\n<meta property=\"og:image\" content=\"https:\/\/canabae.fr\/wp-content\/uploads\/2025\/09\/studio_photo_lyon_11.jpg\" \/>\n\t<meta property=\"og:image:width\" content=\"1920\" \/>\n\t<meta property=\"og:image:height\" content=\"1440\" \/>\n\t<meta property=\"og:image:type\" content=\"image\/jpeg\" \/>\n<meta name=\"author\" content=\"gentleview\" \/>\n<meta name=\"twitter:card\" content=\"summary_large_image\" \/>\n<meta name=\"twitter:label1\" content=\"Written by\" \/>\n\t<meta name=\"twitter:data1\" content=\"gentleview\" \/>\n\t<meta name=\"twitter:label2\" content=\"Estimated reading time\" \/>\n\t<meta name=\"twitter:data2\" content=\"6 minutes\" \/>\n<script type=\"application\/ld+json\" class=\"yoast-schema-graph\">{\"@context\":\"https:\\\/\\\/schema.org\",\"@graph\":[{\"@type\":\"Article\",\"@id\":\"https:\\\/\\\/canabae.fr\\\/pourquoi-faire-ses-photos-corporate-dans-un-studio-photo-a-lyon\\\/#article\",\"isPartOf\":{\"@id\":\"https:\\\/\\\/canabae.fr\\\/pourquoi-faire-ses-photos-corporate-dans-un-studio-photo-a-lyon\\\/\"},\"author\":{\"name\":\"gentleview\",\"@id\":\"https:\\\/\\\/canabae.fr\\\/#\\\/schema\\\/person\\\/e58b8e87e247b8ce3b2fb9b1a8572044\"},\"headline\":\"Pourquoi faire ses photos corporate dans un studio photo \u00e0 Lyon ?\",\"datePublished\":\"2025-09-23T13:10:00+00:00\",\"mainEntityOfPage\":{\"@id\":\"https:\\\/\\\/canabae.fr\\\/pourquoi-faire-ses-photos-corporate-dans-un-studio-photo-a-lyon\\\/\"},\"wordCount\":1303,\"commentCount\":0,\"publisher\":{\"@id\":\"https:\\\/\\\/canabae.fr\\\/#organization\"},\"image\":{\"@id\":\"https:\\\/\\\/canabae.fr\\\/pourquoi-faire-ses-photos-corporate-dans-un-studio-photo-a-lyon\\\/#primaryimage\"},\"thumbnailUrl\":\"https:\\\/\\\/canabae.fr\\\/wp-content\\\/uploads\\\/2025\\\/09\\\/studio_photo_lyon_11.jpg\",\"articleSection\":[\"Studio Photo Lyon\"],\"inLanguage\":\"en-GB\",\"potentialAction\":[{\"@type\":\"CommentAction\",\"name\":\"Comment\",\"target\":[\"https:\\\/\\\/canabae.fr\\\/pourquoi-faire-ses-photos-corporate-dans-un-studio-photo-a-lyon\\\/#respond\"]}]},{\"@type\":\"WebPage\",\"@id\":\"https:\\\/\\\/canabae.fr\\\/pourquoi-faire-ses-photos-corporate-dans-un-studio-photo-a-lyon\\\/\",\"url\":\"https:\\\/\\\/canabae.fr\\\/pourquoi-faire-ses-photos-corporate-dans-un-studio-photo-a-lyon\\\/\",\"name\":\"Pourquoi faire ses photos corporate dans un studio photo \u00e0 Lyon ? | Canabae Studios\",\"isPartOf\":{\"@id\":\"https:\\\/\\\/canabae.fr\\\/#website\"},\"primaryImageOfPage\":{\"@id\":\"https:\\\/\\\/canabae.fr\\\/pourquoi-faire-ses-photos-corporate-dans-un-studio-photo-a-lyon\\\/#primaryimage\"},\"image\":{\"@id\":\"https:\\\/\\\/canabae.fr\\\/pourquoi-faire-ses-photos-corporate-dans-un-studio-photo-a-lyon\\\/#primaryimage\"},\"thumbnailUrl\":\"https:\\\/\\\/canabae.fr\\\/wp-content\\\/uploads\\\/2025\\\/09\\\/studio_photo_lyon_11.jpg\",\"datePublished\":\"2025-09-23T13:10:00+00:00\",\"description\":\"Un studio de photographie \u00e0 Lyon permet d\u2019adapter chaque s\u00e9ance selon les besoins. Changement de fond, variation d\u2019\u00e9clairage\",\"breadcrumb\":{\"@id\":\"https:\\\/\\\/canabae.fr\\\/pourquoi-faire-ses-photos-corporate-dans-un-studio-photo-a-lyon\\\/#breadcrumb\"},\"inLanguage\":\"en-GB\",\"potentialAction\":[{\"@type\":\"ReadAction\",\"target\":[\"https:\\\/\\\/canabae.fr\\\/pourquoi-faire-ses-photos-corporate-dans-un-studio-photo-a-lyon\\\/\"]}]},{\"@type\":\"ImageObject\",\"inLanguage\":\"en-GB\",\"@id\":\"https:\\\/\\\/canabae.fr\\\/pourquoi-faire-ses-photos-corporate-dans-un-studio-photo-a-lyon\\\/#primaryimage\",\"url\":\"https:\\\/\\\/canabae.fr\\\/wp-content\\\/uploads\\\/2025\\\/09\\\/studio_photo_lyon_11.jpg\",\"contentUrl\":\"https:\\\/\\\/canabae.fr\\\/wp-content\\\/uploads\\\/2025\\\/09\\\/studio_photo_lyon_11.jpg\",\"width\":1920,\"height\":1440,\"caption\":\"Tournage vid\u00e9o en studio \u00e0 Lyon - Canabae Studios\"},{\"@type\":\"BreadcrumbList\",\"@id\":\"https:\\\/\\\/canabae.fr\\\/pourquoi-faire-ses-photos-corporate-dans-un-studio-photo-a-lyon\\\/#breadcrumb\",\"itemListElement\":[{\"@type\":\"ListItem\",\"position\":1,\"name\":\"Accueil\",\"item\":\"https:\\\/\\\/canabae.fr\\\/\"},{\"@type\":\"ListItem\",\"position\":2,\"name\":\"Pourquoi faire ses photos corporate dans un studio photo \u00e0 Lyon ?\"}]},{\"@type\":\"WebSite\",\"@id\":\"https:\\\/\\\/canabae.fr\\\/#website\",\"url\":\"https:\\\/\\\/canabae.fr\\\/\",\"name\":\"Canabae Studios\",\"description\":\"Vid\u00e9astes et location de studio \u00e0 Lyon\",\"publisher\":{\"@id\":\"https:\\\/\\\/canabae.fr\\\/#organization\"},\"potentialAction\":[{\"@type\":\"SearchAction\",\"target\":{\"@type\":\"EntryPoint\",\"urlTemplate\":\"https:\\\/\\\/canabae.fr\\\/?s={search_term_string}\"},\"query-input\":{\"@type\":\"PropertyValueSpecification\",\"valueRequired\":true,\"valueName\":\"search_term_string\"}}],\"inLanguage\":\"en-GB\"},{\"@type\":\"Organization\",\"@id\":\"https:\\\/\\\/canabae.fr\\\/#organization\",\"name\":\"Canabae - Vid\u00e9astes professionnels Lyon\",\"url\":\"https:\\\/\\\/canabae.fr\\\/\",\"logo\":{\"@type\":\"ImageObject\",\"inLanguage\":\"en-GB\",\"@id\":\"https:\\\/\\\/canabae.fr\\\/#\\\/schema\\\/logo\\\/image\\\/\",\"url\":\"https:\\\/\\\/canabae.fr\\\/wp-content\\\/uploads\\\/2024\\\/11\\\/CANABAE-Icone-Noir.png\",\"contentUrl\":\"https:\\\/\\\/canabae.fr\\\/wp-content\\\/uploads\\\/2024\\\/11\\\/CANABAE-Icone-Noir.png\",\"width\":2644,\"height\":2481,\"caption\":\"Canabae - Vid\u00e9astes professionnels Lyon\"},\"image\":{\"@id\":\"https:\\\/\\\/canabae.fr\\\/#\\\/schema\\\/logo\\\/image\\\/\"},\"sameAs\":[\"https:\\\/\\\/www.facebook.com\\\/canabae.fr\\\/\",\"https:\\\/\\\/www.instagram.com\\\/canabae.studios\\\/\",\"https:\\\/\\\/www.tiktok.com\\\/@canabae.studios\",\"https:\\\/\\\/www.linkedin.com\\\/company\\\/canabae\\\/\"]},{\"@type\":\"Person\",\"@id\":\"https:\\\/\\\/canabae.fr\\\/#\\\/schema\\\/person\\\/e58b8e87e247b8ce3b2fb9b1a8572044\",\"name\":\"gentleview\",\"image\":{\"@type\":\"ImageObject\",\"inLanguage\":\"en-GB\",\"@id\":\"https:\\\/\\\/canabae.fr\\\/wp-content\\\/litespeed\\\/avatar\\\/7778e21f87984950f6367189c0b256f4.jpg?ver=1777472236\",\"url\":\"https:\\\/\\\/canabae.fr\\\/wp-content\\\/litespeed\\\/avatar\\\/7778e21f87984950f6367189c0b256f4.jpg?ver=1777472236\",\"contentUrl\":\"https:\\\/\\\/canabae.fr\\\/wp-content\\\/litespeed\\\/avatar\\\/7778e21f87984950f6367189c0b256f4.jpg?ver=1777472236\",\"caption\":\"gentleview\"}}]}<\/script>\n<!-- \/ Yoast SEO plugin. -->","yoast_head_json":{"title":"Pourquoi faire ses photos corporate dans un studio photo \u00e0 Lyon ? | Canabae Studios","description":"Un studio de photographie \u00e0 Lyon permet d\u2019adapter chaque s\u00e9ance selon les besoins. Changement de fond, variation d\u2019\u00e9clairage","robots":{"index":"index","follow":"follow","max-snippet":"max-snippet:-1","max-image-preview":"max-image-preview:large","max-video-preview":"max-video-preview:-1"},"canonical":"https:\/\/canabae.fr\/en\/pourquoi-faire-ses-photos-corporate-dans-un-studio-photo-a-lyon\/","og_locale":"en_GB","og_type":"article","og_title":"Pourquoi faire ses photos corporate dans un studio photo \u00e0 Lyon ? | Canabae Studios","og_description":"Un studio de photographie \u00e0 Lyon permet d\u2019adapter chaque s\u00e9ance selon les besoins. Changement de fond, variation d\u2019\u00e9clairage","og_url":"https:\/\/canabae.fr\/en\/pourquoi-faire-ses-photos-corporate-dans-un-studio-photo-a-lyon\/","og_site_name":"Canabae Studios","article_publisher":"https:\/\/www.facebook.com\/canabae.fr\/","article_published_time":"2025-09-23T13:10:00+00:00","og_image":[{"width":1920,"height":1440,"url":"https:\/\/canabae.fr\/wp-content\/uploads\/2025\/09\/studio_photo_lyon_11.jpg","type":"image\/jpeg"}],"author":"gentleview","twitter_card":"summary_large_image","twitter_misc":{"Written by":"gentleview","Estimated reading time":"6 minutes"},"schema":{"@context":"https:\/\/schema.org","@graph":[{"@type":"Article","@id":"https:\/\/canabae.fr\/pourquoi-faire-ses-photos-corporate-dans-un-studio-photo-a-lyon\/#article","isPartOf":{"@id":"https:\/\/canabae.fr\/pourquoi-faire-ses-photos-corporate-dans-un-studio-photo-a-lyon\/"},"author":{"name":"gentleview","@id":"https:\/\/canabae.fr\/#\/schema\/person\/e58b8e87e247b8ce3b2fb9b1a8572044"},"headline":"Pourquoi faire ses photos corporate dans un studio photo \u00e0 Lyon ?","datePublished":"2025-09-23T13:10:00+00:00","mainEntityOfPage":{"@id":"https:\/\/canabae.fr\/pourquoi-faire-ses-photos-corporate-dans-un-studio-photo-a-lyon\/"},"wordCount":1303,"commentCount":0,"publisher":{"@id":"https:\/\/canabae.fr\/#organization"},"image":{"@id":"https:\/\/canabae.fr\/pourquoi-faire-ses-photos-corporate-dans-un-studio-photo-a-lyon\/#primaryimage"},"thumbnailUrl":"https:\/\/canabae.fr\/wp-content\/uploads\/2025\/09\/studio_photo_lyon_11.jpg","articleSection":["Studio Photo Lyon"],"inLanguage":"en-GB","potentialAction":[{"@type":"CommentAction","name":"Comment","target":["https:\/\/canabae.fr\/pourquoi-faire-ses-photos-corporate-dans-un-studio-photo-a-lyon\/#respond"]}]},{"@type":"WebPage","@id":"https:\/\/canabae.fr\/pourquoi-faire-ses-photos-corporate-dans-un-studio-photo-a-lyon\/","url":"https:\/\/canabae.fr\/pourquoi-faire-ses-photos-corporate-dans-un-studio-photo-a-lyon\/","name":"Pourquoi faire ses photos corporate dans un studio photo \u00e0 Lyon ? | Canabae Studios","isPartOf":{"@id":"https:\/\/canabae.fr\/#website"},"primaryImageOfPage":{"@id":"https:\/\/canabae.fr\/pourquoi-faire-ses-photos-corporate-dans-un-studio-photo-a-lyon\/#primaryimage"},"image":{"@id":"https:\/\/canabae.fr\/pourquoi-faire-ses-photos-corporate-dans-un-studio-photo-a-lyon\/#primaryimage"},"thumbnailUrl":"https:\/\/canabae.fr\/wp-content\/uploads\/2025\/09\/studio_photo_lyon_11.jpg","datePublished":"2025-09-23T13:10:00+00:00","description":"Un studio de photographie \u00e0 Lyon permet d\u2019adapter chaque s\u00e9ance selon les besoins. Changement de fond, variation d\u2019\u00e9clairage","breadcrumb":{"@id":"https:\/\/canabae.fr\/pourquoi-faire-ses-photos-corporate-dans-un-studio-photo-a-lyon\/#breadcrumb"},"inLanguage":"en-GB","potentialAction":[{"@type":"ReadAction","target":["https:\/\/canabae.fr\/pourquoi-faire-ses-photos-corporate-dans-un-studio-photo-a-lyon\/"]}]},{"@type":"ImageObject","inLanguage":"en-GB","@id":"https:\/\/canabae.fr\/pourquoi-faire-ses-photos-corporate-dans-un-studio-photo-a-lyon\/#primaryimage","url":"https:\/\/canabae.fr\/wp-content\/uploads\/2025\/09\/studio_photo_lyon_11.jpg","contentUrl":"https:\/\/canabae.fr\/wp-content\/uploads\/2025\/09\/studio_photo_lyon_11.jpg","width":1920,"height":1440,"caption":"Tournage vid\u00e9o en studio \u00e0 Lyon - Canabae Studios"},{"@type":"BreadcrumbList","@id":"https:\/\/canabae.fr\/pourquoi-faire-ses-photos-corporate-dans-un-studio-photo-a-lyon\/#breadcrumb","itemListElement":[{"@type":"ListItem","position":1,"name":"Accueil","item":"https:\/\/canabae.fr\/"},{"@type":"ListItem","position":2,"name":"Pourquoi faire ses photos corporate dans un studio photo \u00e0 Lyon ?"}]},{"@type":"WebSite","@id":"https:\/\/canabae.fr\/#website","url":"https:\/\/canabae.fr\/","name":"Canabae Studios","description":"Videographers and studio rental in Lyon","publisher":{"@id":"https:\/\/canabae.fr\/#organization"},"potentialAction":[{"@type":"SearchAction","target":{"@type":"EntryPoint","urlTemplate":"https:\/\/canabae.fr\/?s={search_term_string}"},"query-input":{"@type":"PropertyValueSpecification","valueRequired":true,"valueName":"search_term_string"}}],"inLanguage":"en-GB"},{"@type":"Organization","@id":"https:\/\/canabae.fr\/#organization","name":"Canabae - Professional Videographers Lyon","url":"https:\/\/canabae.fr\/","logo":{"@type":"ImageObject","inLanguage":"en-GB","@id":"https:\/\/canabae.fr\/#\/schema\/logo\/image\/","url":"https:\/\/canabae.fr\/wp-content\/uploads\/2024\/11\/CANABAE-Icone-Noir.png","contentUrl":"https:\/\/canabae.fr\/wp-content\/uploads\/2024\/11\/CANABAE-Icone-Noir.png","width":2644,"height":2481,"caption":"Canabae - Vid\u00e9astes professionnels Lyon"},"image":{"@id":"https:\/\/canabae.fr\/#\/schema\/logo\/image\/"},"sameAs":["https:\/\/www.facebook.com\/canabae.fr\/","https:\/\/www.instagram.com\/canabae.studios\/","https:\/\/www.tiktok.com\/@canabae.studios","https:\/\/www.linkedin.com\/company\/canabae\/"]},{"@type":"Person","@id":"https:\/\/canabae.fr\/#\/schema\/person\/e58b8e87e247b8ce3b2fb9b1a8572044","name":"gentle view","image":{"@type":"ImageObject","inLanguage":"en-GB","@id":"https:\/\/canabae.fr\/wp-content\/litespeed\/avatar\/7778e21f87984950f6367189c0b256f4.jpg?ver=1777472236","url":"https:\/\/canabae.fr\/wp-content\/litespeed\/avatar\/7778e21f87984950f6367189c0b256f4.jpg?ver=1777472236","contentUrl":"https:\/\/canabae.fr\/wp-content\/litespeed\/avatar\/7778e21f87984950f6367189c0b256f4.jpg?ver=1777472236","caption":"gentleview"}}]}},"_links":{"self":[{"href":"https:\/\/canabae.fr\/en\/wp-json\/wp\/v2\/posts\/17554","targetHints":{"allow":["GET"]}}],"collection":[{"href":"https:\/\/canabae.fr\/en\/wp-json\/wp\/v2\/posts"}],"about":[{"href":"https:\/\/canabae.fr\/en\/wp-json\/wp\/v2\/types\/post"}],"author":[{"embeddable":true,"href":"https:\/\/canabae.fr\/en\/wp-json\/wp\/v2\/users\/2"}],"replies":[{"embeddable":true,"href":"https:\/\/canabae.fr\/en\/wp-json\/wp\/v2\/comments?post=17554"}],"version-history":[{"count":1,"href":"https:\/\/canabae.fr\/en\/wp-json\/wp\/v2\/posts\/17554\/revisions"}],"predecessor-version":[{"id":17574,"href":"https:\/\/canabae.fr\/en\/wp-json\/wp\/v2\/posts\/17554\/revisions\/17574"}],"wp:featuredmedia":[{"embeddable":true,"href":"https:\/\/canabae.fr\/en\/wp-json\/wp\/v2\/media\/17564"}],"wp:attachment":[{"href":"https:\/\/canabae.fr\/en\/wp-json\/wp\/v2\/media?parent=17554"}],"wp:term":[{"taxonomy":"category","embeddable":true,"href":"https:\/\/canabae.fr\/en\/wp-json\/wp\/v2\/categories?post=17554"},{"taxonomy":"post_tag","embeddable":true,"href":"https:\/\/canabae.fr\/en\/wp-json\/wp\/v2\/tags?post=17554"}],"curies":[{"name":"wp","href":"https:\/\/api.w.org\/{rel}","templated":true}]}}